{"id":109115,"date":"2026-09-03T14:12:52","date_gmt":"2026-09-03T13:12:52","guid":{"rendered":"https:\/\/www.federacao-triatlo.pt\/ftp2015\/?p=109115"},"modified":"2026-09-03T14:12:52","modified_gmt":"2026-09-03T13:12:52","slug":"paratriatlo-ana-duarte-estreia-se-em-alhandra-para-deixar-mensagem-as-mulheres-com-deficiencia","status":"publish","type":"post","link":"https:\/\/www.federacao-triatlo.pt\/ftp2015\/paratriatlo-ana-duarte-estreia-se-em-alhandra-para-deixar-mensagem-as-mulheres-com-deficiencia\/","title":{"rendered":"Paratriatlo: Ana Duarte estreia-se em Alhandra para deixar mensagem \u00e0s mulheres com defici\u00eancia"},"content":{"rendered":"<p class=\"isSelectedEnd\"><strong>Ana L\u00facia Duarte vai cumprir, no pr\u00f3ximo s\u00e1bado, 5 de setembro, um momento especial no seu percurso desportivo. A paratriatleta portuguesa estreia-se em competi\u00e7\u00f5es internacionais ao servi\u00e7o da Sele\u00e7\u00e3o Nacional, na Ta\u00e7a do Mundo de Paratriatlo de Alhandra, e quer aproveitar a oportunidade para levar uma mensagem que vai muito al\u00e9m do resultado.<\/strong><\/p>\n<p class=\"isSelectedEnd\">Ser\u00e1 uma estreia com o trisuit de Portugal, em casa e perante o p\u00fablico portugu\u00eas. Para Ana L\u00facia Duarte, a presen\u00e7a na Ta\u00e7a do Mundo de Alhandra representa o culminar de um percurso que come\u00e7ou mais tarde do que \u00e9 habitual no desporto de alto rendimento e que, em 2026, a leva pela primeira vez a representar Portugal numa competi\u00e7\u00e3o internacional de paratriatlo.<\/p>\n<p class=\"isSelectedEnd\">Mas a atleta quer que a sua presen\u00e7a em Alhandra possa significar tamb\u00e9m alguma coisa para quem estiver do outro lado.<\/p>\n<blockquote>\n<p class=\"isSelectedEnd\"><em>\u00abPara mim, a participa\u00e7\u00e3o nesta prova \u00e9 uma oportunidade de dar visibilidade \u00e0 modalidade e mostrar, especialmente \u00e0s mulheres, com qualquer tipo de defici\u00eancia, que h\u00e1 lugar no desporto e, em particular, no triatlo\u00bb, afirma.<\/em><\/p>\n<\/blockquote>\n<p class=\"isSelectedEnd\">Ana L\u00facia Duarte compete na categoria PTS5 e tem uma limita\u00e7\u00e3o no ombro e bra\u00e7o esquerdo, consequ\u00eancia de uma les\u00e3o ocorrida durante o nascimento.<\/p>\n<blockquote>\n<p class=\"isSelectedEnd\"><em>\u00abA minha limita\u00e7\u00e3o \u00e9 no ombro e bra\u00e7o esquerdo, derivada de uma les\u00e3o provocada durante o meu nascimento, que provocou danos neurol\u00f3gicos e malforma\u00e7\u00f5es \u00f3sseas que condicionam o movimento e a for\u00e7a do bra\u00e7o\u00bb, explica.<\/em><\/p>\n<\/blockquote>\n<h2>Do primeiro triatlo aos 35 anos \u00e0 Sele\u00e7\u00e3o Nacional<\/h2>\n<p class=\"isSelectedEnd\">A chegada ao paratriatlo aconteceu, no entanto, apenas muitos anos depois. Ana L\u00facia fez a primeira prova de triatlo aos 35 anos, quando vivia em Inglaterra. O regresso a Portugal acabaria por abrir uma nova etapa no seu percurso na modalidade.<\/p>\n<p class=\"isSelectedEnd\">Em 2024 juntou-se \u00e0 equipa de triatlo do Sporting Clube de Portugal e foi precisamente a observa\u00e7\u00e3o das suas limita\u00e7\u00f5es durante os treinos que abriu a possibilidade de competir no paratriatlo.<\/p>\n<blockquote>\n<p class=\"isSelectedEnd\"><em>\u00abFiz a minha primeira prova de triatlo aos 35 anos, em Inglaterra, onde morava na altura, mas s\u00f3 quando voltei para Portugal \u00e9 que me juntei \u00e0 equipa do Sporting, em 2024. Por indica\u00e7\u00e3o do treinador, que, observando as minhas limita\u00e7\u00f5es, me sugeriu que iniciasse o processo para ser classificada como paratriatleta na categoria PTS5.\u00bb<\/em><\/p>\n<\/blockquote>\n<p class=\"isSelectedEnd\">Seguiram-se as competi\u00e7\u00f5es nacionais de paratriatlo e, com elas, a possibilidade de chegar \u00e0 Sele\u00e7\u00e3o Nacional. Agora, Alhandra representa o passo seguinte.<\/p>\n<blockquote>\n<p class=\"isSelectedEnd\"><em>\u00abA participa\u00e7\u00e3o nas provas nacionais de paratriatlo permitiu a possibilidade de representar a Sele\u00e7\u00e3o Nacional de Paratriatlo e \u00e9 com muito orgulho que participarei na prova\u00bb, sublinha.<\/em><\/p>\n<\/blockquote>\n<p class=\"isSelectedEnd\">Para a estreia internacional, Ana L\u00facia Duarte n\u00e3o coloca a fasquia num lugar ou num resultado espec\u00edfico. O objetivo \u00e9 outro, mais simples de definir e, ao mesmo tempo, exigente de cumprir.<\/p>\n<blockquote>\n<p class=\"isSelectedEnd\"><em>\u00abO meu objetivo \u00e9 acabar a prova sentindo que dei absolutamente o meu melhor.\u00bb<\/em><\/p>\n<\/blockquote>\n<p>No s\u00e1bado, em Alhandra, ser\u00e1 esse o primeiro desafio internacional de Ana L\u00facia Duarte com as cores de Portugal. Uma estreia na Ta\u00e7a do Mundo que representa mais um passo no seu percurso no paratriatlo, mas tamb\u00e9m uma oportunidade para mostrar que a modalidade pode ter espa\u00e7o para mais atletas e, em particular, para mais mulheres com defici\u00eancia.<\/p>\n","protected":false},"excerpt":{"rendered":"<p>Ana L\u00facia Duarte vai cumprir, no pr\u00f3ximo s\u00e1bado, 5 de [&hellip;]<\/p>\n","protected":false},"author":16153,"featured_media":109117,"comment_status":"closed","ping_status":"closed","sticky":false,"template":"","format":"standard","meta":{"footnotes":""},"categories":[9,2],"tags":[],"_links":{"self":[{"href":"https:\/\/www.federacao-triatlo.pt\/ftp2015\/wp-json\/wp\/v2\/posts\/109115"}],"collection":[{"href":"https:\/\/www.federacao-triatlo.pt\/ftp2015\/wp-json\/wp\/v2\/posts"}],"about":[{"href":"https:\/\/www.federacao-triatlo.pt\/ftp2015\/wp-json\/wp\/v2\/types\/post"}],"author":[{"embeddable":true,"href":"https:\/\/www.federacao-triatlo.pt\/ftp2015\/wp-json\/wp\/v2\/users\/16153"}],"replies":[{"embeddable":true,"href":"https:\/\/www.federacao-triatlo.pt\/ftp2015\/wp-json\/wp\/v2\/comments?post=109115"}],"version-history":[{"count":3,"href":"https:\/\/www.federacao-triatlo.pt\/ftp2015\/wp-json\/wp\/v2\/posts\/109115\/revisions"}],"predecessor-version":[{"id":109119,"href":"https:\/\/www.federacao-triatlo.pt\/ftp2015\/wp-json\/wp\/v2\/posts\/109115\/revisions\/109119"}],"wp:featuredmedia":[{"embeddable":true,"href":"https:\/\/www.federacao-triatlo.pt\/ftp2015\/wp-json\/wp\/v2\/media\/109117"}],"wp:attachment":[{"href":"https:\/\/www.federacao-triatlo.pt\/ftp2015\/wp-json\/wp\/v2\/media?parent=109115"}],"wp:term":[{"taxonomy":"category","embeddable":true,"href":"https:\/\/www.federacao-triatlo.pt\/ftp2015\/wp-json\/wp\/v2\/categories?post=109115"},{"taxonomy":"post_tag","embeddable":true,"href":"https:\/\/www.federacao-triatlo.pt\/ftp2015\/wp-json\/wp\/v2\/tags?post=109115"}],"curies":[{"name":"wp","href":"https:\/\/api.w.org\/{rel}","templated":true}]}}