{"id":109075,"date":"2026-09-01T08:29:21","date_gmt":"2026-09-01T07:29:21","guid":{"rendered":"https:\/\/www.federacao-triatlo.pt\/ftp2015\/?p=109075"},"modified":"2026-09-01T09:33:04","modified_gmt":"2026-09-01T08:33:04","slug":"portugal-com-tres-homens-no-top-20-mundial-o-lider-o-sonho-e-a-afirmacao","status":"publish","type":"post","link":"https:\/\/www.federacao-triatlo.pt\/ftp2015\/portugal-com-tres-homens-no-top-20-mundial-o-lider-o-sonho-e-a-afirmacao\/","title":{"rendered":"Portugal com tr\u00eas homens no top-20 mundial: o l\u00edder, o sonho e a afirma\u00e7\u00e3o."},"content":{"rendered":"<p data-start=\"101\" data-end=\"515\"><strong data-start=\"101\" data-end=\"515\">Vasco Vila\u00e7a lidera o Campeonato do Mundo e parte para a reta final a sonhar com o t\u00edtulo. Ricardo Batista \u00e9 quinto e mant\u00e9m-se na luta pelos lugares do p\u00f3dio. Jo\u00e3o Nuno Batista, o mais jovem dos tr\u00eas, subiu ao 17.\u00ba lugar depois de alcan\u00e7ar na China o melhor resultado da carreira numa etapa do Mundial. Tr\u00eas portugueses, tr\u00eas sonhos e uma temporada que confirma Portugal entre as for\u00e7as do triatlo mundial.<\/strong><\/p>\n<blockquote>\n<p data-start=\"101\" data-end=\"515\"><em>&#8221; A minha esperan\u00e7a \u00e9 ter o povo portugu\u00eas presente em Pontevedra para me ajudar nesta luta e no final, independentemente do resultado, o triatlo portugu\u00eas vai ser o vencedor&#8221; &#8211; Vasco Vila\u00e7a<\/em><\/p>\n<\/blockquote>\n<p data-start=\"559\" data-end=\"1014\">N\u00e3o \u00e9 apenas uma fotografia feliz do ranking. Portugal chega ao momento decisivo do Campeonato do Mundo de Triatlo com Vasco Vila\u00e7a, Ricardo Batista e Jo\u00e3o Nuno Batista entre os 20 primeiros classificados, depois de uma temporada em que os tr\u00eas foram deixando marcas diferentes entre a elite mundial. Vasco \u00e9 primeiro, com 3850 pontos, Ricardo ocupa a quinta posi\u00e7\u00e3o, com 2470,62, e Jo\u00e3o Nuno \u00e9 17.\u00ba, com 1734,41.<\/p>\n<p data-start=\"1016\" data-end=\"1295\">A poucas semanas da final\u00edssima de Pontevedra (24-27 setembro), os tr\u00eas portugueses olham para o fim da temporada com ambi\u00e7\u00f5es distintas. <strong data-start=\"1137\" data-end=\"1295\">Vasco luta pelo t\u00edtulo mundial, Ricardo est\u00e1 no top-5 <\/strong><strong data-start=\"1137\" data-end=\"1295\">e Jo\u00e3o Nuno tem ao alcance terminar a \u00e9poca entre os 20 melhores do planeta.<\/strong><\/p>\n<p class=\"isSelectedEnd\">Mas a presen\u00e7a portuguesa entre a elite mundial n\u00e3o se esgota nos tr\u00eas primeiros nomes. <strong>Miguel Tiago Silva ocupa atualmente a 55.\u00aa posi\u00e7\u00e3o do ranking mundial<\/strong>, numa temporada em que foi 12.\u00ba na etapa de Samarkand do Campeonato do Mundo e 27.\u00ba em Quiberon.<\/p>\n<p>No setor feminino, <strong>Maria Tom\u00e9 \u00e9 26.\u00aa do mundo e Mariana Vargem ocupa a 42.\u00aa posi\u00e7\u00e3o<\/strong>, dando tamb\u00e9m express\u00e3o feminina \u00e0 presen\u00e7a portuguesa nos lugares cimeiros do ranking internacional.<\/p>\n<h2 data-section-id=\"17czj3\" data-start=\"1297\" data-end=\"1365\"><span role=\"text\"><strong data-start=\"1301\" data-end=\"1365\">Vasco: cinco provas, cinco p\u00f3dios e um t\u00edtulo para perseguir<\/strong><\/span><\/h2>\n<p data-start=\"1367\" data-end=\"1722\">A temporada de Vasco Vila\u00e7a tem sido marcada por uma regularidade quase absoluta. O portugu\u00eas abriu o Mundial em Samarkand da melhor maneira poss\u00edvel, conquistando a primeira vit\u00f3ria da carreira numa etapa do WTCS e devolvendo Portugal ao lugar mais alto do p\u00f3dio do circuito mundial pela primeira vez desde 2012.<\/p>\n<p data-start=\"1724\" data-end=\"1988\">N\u00e3o ficou por a\u00ed. Depois de n\u00e3o competir em Yokohama, Vasco voltou em Alghero e tornou a vencer, desta vez impondo-se a Miguel Hidalgo. Seguiram-se tr\u00eas segundos lugares consecutivos: Quiberon, Hamburgo e Londres. Cinco participa\u00e7\u00f5es no Campeonato do Mundo em 2026 e cinco presen\u00e7as no p\u00f3dio: duas vit\u00f3rias e tr\u00eas medalhas de prata. Em Londres, apenas Matthew Hauser conseguiu bater o portugu\u00eas num sprint final que confirmou o duelo entre ambos pelo t\u00edtulo.<\/p>\n<p data-start=\"2357\" data-end=\"2654\">Vasco n\u00e3o esteve em Weihai e viu Hauser aproximar-se, mas o d\u00e9cimo lugar do australiano na China acabou por manter o portugu\u00eas numa posi\u00e7\u00e3o privilegiada. Com <strong data-start=\"2515\" data-end=\"2564\">3850 pontos contra 3495,76 do campe\u00e3o mundial<\/strong>, Vila\u00e7a continua a ser o homem que todos perseguem.<\/p>\n<p data-start=\"2656\" data-end=\"2772\">Depois do bronze mundial conquistado em 2025, vamos esperar para ver o que nos reserva Pontevedra.<\/p>\n<h2 data-section-id=\"117v2bc\" data-start=\"2774\" data-end=\"2839\"><span role=\"text\"><strong data-start=\"2778\" data-end=\"2839\">Ricardo Batista: dois p\u00f3dios e o sonho de chegar ao top-3<\/strong><\/span><\/h2>\n<p data-start=\"2841\" data-end=\"3188\">Tamb\u00e9m Ricardo Batista est\u00e1 a viver uma das melhores temporadas da carreira. Come\u00e7ou o Mundial com um s\u00f3lido <strong data-start=\"2950\" data-end=\"2979\">oitavo lugar em Samarkand<\/strong>, mas foi em Alghero que deu um novo passo entre a elite. Num final disputado ao sprint, Ricardo conquistou o bronze, a sua primeira medalha individual numa etapa do WTCS.<\/p>\n<p data-start=\"3492\" data-end=\"3804\">Em Quiberon, Ricardo confirmou que Alghero n\u00e3o tinha sido um resultado isolado. Voltou a ser terceiro, atr\u00e1s de Dorian Coninx e Vasco Vila\u00e7a, somando <strong data-start=\"3642\" data-end=\"3685\">a segunda medalha de bronze consecutiva<\/strong> e chegando ent\u00e3o \u00e0 melhor posi\u00e7\u00e3o da carreira no ranking do Campeonato do Mundo.<\/p>\n<p data-start=\"3806\" data-end=\"4179\">Hamburgo e Londres foram menos favor\u00e1veis, com o portugu\u00eas a terminar em 23.\u00ba e 24.\u00ba, respetivamente, mas os dois p\u00f3dios conquistados mant\u00eam-no bem colocado \u00e0 entrada para a fase decisiva. Ricardo \u00e9 atualmente <strong data-start=\"4016\" data-end=\"4039\">quinto classificado<\/strong>, a escassos dez pontos do quarto lugar e ainda com margem para mexer nas contas dos lugares cimeiros.<\/p>\n<h2 data-section-id=\"1rqfzm7\" data-start=\"4330\" data-end=\"4390\"><span role=\"text\"><strong data-start=\"4334\" data-end=\"4390\">Jo\u00e3o Nuno: de promessa a realidade entre os melhores<\/strong><\/span><\/h2>\n<p data-start=\"4392\" data-end=\"4531\">Se Vasco luta pelo t\u00edtulo e Ricardo procura chegar ao p\u00f3dio, a hist\u00f3ria de <strong data-start=\"4467\" data-end=\"4488\">Jo\u00e3o Nuno Batista<\/strong> \u00e9 a da afirma\u00e7\u00e3o definitiva entre a elite.<\/p>\n<p data-start=\"4533\" data-end=\"4756\">O mais jovem dos tr\u00eas come\u00e7ou 2026 a dar sinais do que poderia fazer. Ainda antes do arranque do Mundial, foi <strong data-start=\"4643\" data-end=\"4715\">segundo na Ta\u00e7a da Europa de Quarteira, apenas atr\u00e1s de Vasco Vila\u00e7a<\/strong>.<\/p>\n<p data-start=\"4758\" data-end=\"5037\">Em Samarkand, na primeira etapa do Campeonato do Mundo, foi 20.\u00ba. Pouco mais de um m\u00eas depois, em Alghero, deu um salto enorme: terminou em <strong data-start=\"4898\" data-end=\"4914\">s\u00e9timo lugar<\/strong>, ent\u00e3o a melhor classifica\u00e7\u00e3o da carreira no WTCS, e subiu 25 posi\u00e7\u00f5es no ranking.<\/p>\n<p data-start=\"5039\" data-end=\"5282\">A corrida italiana teve ainda outro dado hist\u00f3rico. Ricardo, terceiro, e Jo\u00e3o Nuno, s\u00e9timo, tornaram-se no <strong data-start=\"5146\" data-end=\"5241\">primeiro par de irm\u00e3os a terminar ambos no top-8 de uma prova WTCS desde os irm\u00e3os Brownlee<\/strong>.<\/p>\n<p data-start=\"5284\" data-end=\"5705\">Depois dos 34.\u00ba e 32.\u00ba lugares em Hamburgo e Londres, Jo\u00e3o Nuno respondeu da melhor forma poss\u00edvel em Weihai. Na China, numa corrida feita de tr\u00e1s para a frente, terminou <strong data-start=\"5455\" data-end=\"5465\">quarto<\/strong>, a apenas um lugar do primeiro p\u00f3dio da carreira no Campeonato do Mundo. Foi a sua melhor presta\u00e7\u00e3o de sempre na competi\u00e7\u00e3o e valeu-lhe uma subida de dez posi\u00e7\u00f5es, at\u00e9 ao atual 17.\u00ba lugar do ranking.<\/p>\n<p data-start=\"5707\" data-end=\"5840\">Aos 20 anos, o antigo campe\u00e3o mundial de juniores j\u00e1 n\u00e3o \u00e9 apenas um nome apontado ao futuro. <strong data-start=\"5801\" data-end=\"5840\">Est\u00e1 entre os melhores do presente.<\/strong><\/p>\n<h2 data-section-id=\"7o5oit\" data-start=\"5842\" data-end=\"5880\"><span role=\"text\"><strong data-start=\"5846\" data-end=\"5880\">Tr\u00eas caminhos, a mesma gera\u00e7\u00e3o<\/strong><\/span><\/h2>\n<p data-start=\"5882\" data-end=\"6182\">Vasco Vila\u00e7a procura transformar uma temporada extraordinariamente regular num t\u00edtulo mundial. Ricardo Batista tenta levar ainda mais longe um ano em que conquistou as primeiras medalhas individuais no WTCS. Jo\u00e3o Nuno Batista procura fechar a \u00e9poca de estreia plena entre os grandes do top-20.<\/p>\n<p data-start=\"6296\" data-end=\"6483\" data-is-last-node=\"\" data-is-only-node=\"\">Os objetivos s\u00e3o diferentes. A realidade que os une \u00e9 a mesma: <strong data-start=\"6359\" data-end=\"6482\">Portugal chega \u00e0 reta final do Campeonato do Mundo de 2026 com tr\u00eas homens instalados entre a elite mundial do triatlo.<\/strong><\/p>\n<p data-start=\"6296\" data-end=\"6483\" data-is-last-node=\"\" data-is-only-node=\"\">A pr\u00f3xima prova est\u00e1 agendada para Karlovy Vary, na Ch\u00e9quia, dia 13 de setembro. Ser\u00e1 a \u00faltima antes da final\u00edssima.<\/p>\n","protected":false},"excerpt":{"rendered":"<p>Vasco Vila\u00e7a lidera o Campeonato do Mundo e parte para [&hellip;]<\/p>\n","protected":false},"author":16153,"featured_media":109077,"comment_status":"closed","ping_status":"closed","sticky":false,"template":"","format":"standard","meta":{"footnotes":""},"categories":[9,2],"tags":[],"_links":{"self":[{"href":"https:\/\/www.federacao-triatlo.pt\/ftp2015\/wp-json\/wp\/v2\/posts\/109075"}],"collection":[{"href":"https:\/\/www.federacao-triatlo.pt\/ftp2015\/wp-json\/wp\/v2\/posts"}],"about":[{"href":"https:\/\/www.federacao-triatlo.pt\/ftp2015\/wp-json\/wp\/v2\/types\/post"}],"author":[{"embeddable":true,"href":"https:\/\/www.federacao-triatlo.pt\/ftp2015\/wp-json\/wp\/v2\/users\/16153"}],"replies":[{"embeddable":true,"href":"https:\/\/www.federacao-triatlo.pt\/ftp2015\/wp-json\/wp\/v2\/comments?post=109075"}],"version-history":[{"count":11,"href":"https:\/\/www.federacao-triatlo.pt\/ftp2015\/wp-json\/wp\/v2\/posts\/109075\/revisions"}],"predecessor-version":[{"id":109087,"href":"https:\/\/www.federacao-triatlo.pt\/ftp2015\/wp-json\/wp\/v2\/posts\/109075\/revisions\/109087"}],"wp:featuredmedia":[{"embeddable":true,"href":"https:\/\/www.federacao-triatlo.pt\/ftp2015\/wp-json\/wp\/v2\/media\/109077"}],"wp:attachment":[{"href":"https:\/\/www.federacao-triatlo.pt\/ftp2015\/wp-json\/wp\/v2\/media?parent=109075"}],"wp:term":[{"taxonomy":"category","embeddable":true,"href":"https:\/\/www.federacao-triatlo.pt\/ftp2015\/wp-json\/wp\/v2\/categories?post=109075"},{"taxonomy":"post_tag","embeddable":true,"href":"https:\/\/www.federacao-triatlo.pt\/ftp2015\/wp-json\/wp\/v2\/tags?post=109075"}],"curies":[{"name":"wp","href":"https:\/\/api.w.org\/{rel}","templated":true}]}}