{"id":109061,"date":"2026-08-31T12:08:10","date_gmt":"2026-08-31T11:08:10","guid":{"rendered":"https:\/\/www.federacao-triatlo.pt\/ftp2015\/?p=109061"},"modified":"2026-08-31T12:16:38","modified_gmt":"2026-08-31T11:16:38","slug":"taca-do-mundo-de-paratriatlo-filipe-marques-quer-voltar-a-vencer-em-alhandra","status":"publish","type":"post","link":"https:\/\/www.federacao-triatlo.pt\/ftp2015\/taca-do-mundo-de-paratriatlo-filipe-marques-quer-voltar-a-vencer-em-alhandra\/","title":{"rendered":"Ta\u00e7a do Mundo de Paratriatlo: Filipe Marques quer voltar a vencer em Alhandra"},"content":{"rendered":"<p class=\"isSelectedEnd\"><strong>Alhandra volta a receber, no pr\u00f3ximo s\u00e1bado, 5 de setembro, alguns dos melhores paratriatletas internacionais para mais uma edi\u00e7\u00e3o da Ta\u00e7a do Mundo de Paratriatlo. Filipe Marques ser\u00e1 um dos dois representantes portugueses na competi\u00e7\u00e3o e assume o objetivo de voltar a vencer numa prova onde tem constru\u00eddo uma hist\u00f3ria especial.<\/strong><\/p>\n<p class=\"isSelectedEnd\">A zona ribeirinha de Alhandra volta a ser palco de uma competi\u00e7\u00e3o internacional de paratriatlo, com a Ta\u00e7a do Mundo a disputar-se durante a manh\u00e3 de s\u00e1bado. A competi\u00e7\u00e3o arranca \u00e0s 10h20, com as diferentes categorias a partirem de forma faseada. Filipe Marques entra em a\u00e7\u00e3o \u00e0s 10h50, na categoria PTS5.<\/p>\n<p class=\"isSelectedEnd\">Correr em Alhandra tem um significado especial para o paratriatleta portugu\u00eas, n\u00e3o apenas pelos resultados que j\u00e1 alcan\u00e7ou neste percurso, mas tamb\u00e9m pela possibilidade de competir diante do p\u00fablico nacional.<\/p>\n<blockquote>\n<p class=\"isSelectedEnd\">\u201cGosto muito de correr em casa e sinto sempre um enorme apoio, n\u00e3o s\u00f3 da minha fam\u00edlia e dos meus amigos, mas tamb\u00e9m de todos os portugueses que est\u00e3o a assistir e a torcer por mim. Foi em Alhandra que conquistei quase todas as minhas vit\u00f3rias, por isso, esse apoio \u00e9 muito especial e tem sido fundamental ao longo dos anos\u201d, afirma Filipe Marques.<\/p>\n<\/blockquote>\n<p class=\"isSelectedEnd\">O portugu\u00eas conhece bem o sabor da vit\u00f3ria em Alhandra, tendo conquistado o ouro na edi\u00e7\u00e3o de 2024. No ano passado terminou a competi\u00e7\u00e3o na terceira posi\u00e7\u00e3o e, desta vez, n\u00e3o esconde que pretende regressar ao lugar mais alto do p\u00f3dio.<\/p>\n<p class=\"isSelectedEnd\">A Ta\u00e7a do Mundo surge tamb\u00e9m num momento importante da prepara\u00e7\u00e3o para o Campeonato do Mundo, que ter\u00e1 lugar no final de setembro, em Pontevedra. Filipe Marques chega a Alhandra depois de um per\u00edodo de prepara\u00e7\u00e3o em altitude e encara a prova portuguesa como um teste importante para avaliar o trabalho realizado.<\/p>\n<blockquote>\n<p class=\"isSelectedEnd\">\u201cSinto-me bastante bem. Tenho estado num est\u00e1gio em altitude, com o objetivo de preparar o Campeonato do Mundo, e venho a Alhandra para perceber como estou fisicamente, ganhar ritmo competitivo e tenho o objetivo de voltar a vencer, depois de, no ano passado, ter ficado em terceiro lugar\u201d, explica.<\/p>\n<\/blockquote>\n<p class=\"isSelectedEnd\">A competi\u00e7\u00e3o conta com cerca de uma centena de atletas e disputa-se no Passeio Pedonal de Alhandra, com o segmento de nata\u00e7\u00e3o no rio Tejo e os percursos de ciclismo e corrida junto \u00e0 zona ribeirinha. A cerim\u00f3nia de entrega de medalhas est\u00e1 prevista para as 12h45.<\/p>\n<p>Ana Duarte ser\u00e1 a outra representante nacional e participar\u00e1 na categoria PTS5.<\/p>\n<p>&nbsp;<\/p>\n","protected":false},"excerpt":{"rendered":"<p>Alhandra volta a receber, no pr\u00f3ximo s\u00e1bado, 5 de setembro, [&hellip;]<\/p>\n","protected":false},"author":16153,"featured_media":109062,"comment_status":"closed","ping_status":"closed","sticky":false,"template":"","format":"standard","meta":{"footnotes":""},"categories":[9,2],"tags":[],"_links":{"self":[{"href":"https:\/\/www.federacao-triatlo.pt\/ftp2015\/wp-json\/wp\/v2\/posts\/109061"}],"collection":[{"href":"https:\/\/www.federacao-triatlo.pt\/ftp2015\/wp-json\/wp\/v2\/posts"}],"about":[{"href":"https:\/\/www.federacao-triatlo.pt\/ftp2015\/wp-json\/wp\/v2\/types\/post"}],"author":[{"embeddable":true,"href":"https:\/\/www.federacao-triatlo.pt\/ftp2015\/wp-json\/wp\/v2\/users\/16153"}],"replies":[{"embeddable":true,"href":"https:\/\/www.federacao-triatlo.pt\/ftp2015\/wp-json\/wp\/v2\/comments?post=109061"}],"version-history":[{"count":4,"href":"https:\/\/www.federacao-triatlo.pt\/ftp2015\/wp-json\/wp\/v2\/posts\/109061\/revisions"}],"predecessor-version":[{"id":109066,"href":"https:\/\/www.federacao-triatlo.pt\/ftp2015\/wp-json\/wp\/v2\/posts\/109061\/revisions\/109066"}],"wp:featuredmedia":[{"embeddable":true,"href":"https:\/\/www.federacao-triatlo.pt\/ftp2015\/wp-json\/wp\/v2\/media\/109062"}],"wp:attachment":[{"href":"https:\/\/www.federacao-triatlo.pt\/ftp2015\/wp-json\/wp\/v2\/media?parent=109061"}],"wp:term":[{"taxonomy":"category","embeddable":true,"href":"https:\/\/www.federacao-triatlo.pt\/ftp2015\/wp-json\/wp\/v2\/categories?post=109061"},{"taxonomy":"post_tag","embeddable":true,"href":"https:\/\/www.federacao-triatlo.pt\/ftp2015\/wp-json\/wp\/v2\/tags?post=109061"}],"curies":[{"name":"wp","href":"https:\/\/api.w.org\/{rel}","templated":true}]}}