{"id":107562,"date":"2026-04-30T16:48:39","date_gmt":"2026-04-30T15:48:39","guid":{"rendered":"https:\/\/www.federacao-triatlo.pt\/ftp2015\/?p=107562"},"modified":"2026-04-30T18:21:29","modified_gmt":"2026-04-30T17:21:29","slug":"cursos-iniciais-de-arbitros-em-lisboa-e-sao-mamede-de-infesta","status":"publish","type":"post","link":"https:\/\/www.federacao-triatlo.pt\/ftp2015\/cursos-iniciais-de-arbitros-em-lisboa-e-sao-mamede-de-infesta\/","title":{"rendered":"Cursos Iniciais de \u00c1rbitros em Lisboa e S\u00e3o Mamede de Infesta"},"content":{"rendered":"<p>A FTP informa que se encontram abertas as inscri\u00e7\u00f5es para os Cursos Iniciais de \u00c1rbitros, que v\u00e3o decorrer em Lisboa, a 23 de maio, e em S\u00e3o Mamede de Infesta (Concelho de Matosinhos) a 14 de junho.<\/p>\n<p>Os interessados podem inscrever-se no curso com a data e localiza\u00e7\u00e3o que mais lhes seja conveniente.<\/p>\n<p>Os dois cursos ser\u00e3o ministrados por Anabela Santos, \u00e1rbitra de triatlo da FTP, World Triathlon Technical Official e tamb\u00e9m preletora da World Triathlon.<\/p>\n<p>O hor\u00e1rio das aulas ser\u00e1 das 09:30 \u00e0s 18:30 e a avalia\u00e7\u00e3o consistir\u00e1 num teste e na participa\u00e7\u00e3o em 4 provas como estagi\u00e1rio(a). Tendo avalia\u00e7\u00e3o positiva nas duas vertentes, o formando poder\u00e1 come\u00e7ar a exercer como \u00e1rbitro de G1.<\/p>\n<p>O programa, bem como os detalhes dos cursos, est\u00e3o junto ao formul\u00e1rio de inscri\u00e7\u00e3o:<\/p>\n<p>Curso em Lisboa: <a href=\"https:\/\/forms.gle\/CykrViv6PrvpbcB99\" target=\"_blank\" rel=\"noopener\">https:\/\/forms.gle\/CykrViv6PrvpbcB99<\/a><\/p>\n<p>Curso em S\u00e3o Mamede de Infesta: <a href=\"https:\/\/forms.gle\/w7bfBx6BnCGa4mow7\" target=\"_blank\" rel=\"noopener\">https:\/\/forms.gle\/w7bfBx6BnCGa4mow7<\/a><\/p>\n<p>A forma\u00e7\u00e3o tem um custo de 20\u20ac.<\/p>\n","protected":false},"excerpt":{"rendered":"<p>A FTP informa que se encontram abertas as inscri\u00e7\u00f5es para [&hellip;]<\/p>\n","protected":false},"author":19200,"featured_media":70664,"comment_status":"closed","ping_status":"closed","sticky":false,"template":"","format":"standard","meta":{"footnotes":""},"categories":[9,7,2],"tags":[],"_links":{"self":[{"href":"https:\/\/www.federacao-triatlo.pt\/ftp2015\/wp-json\/wp\/v2\/posts\/107562"}],"collection":[{"href":"https:\/\/www.federacao-triatlo.pt\/ftp2015\/wp-json\/wp\/v2\/posts"}],"about":[{"href":"https:\/\/www.federacao-triatlo.pt\/ftp2015\/wp-json\/wp\/v2\/types\/post"}],"author":[{"embeddable":true,"href":"https:\/\/www.federacao-triatlo.pt\/ftp2015\/wp-json\/wp\/v2\/users\/19200"}],"replies":[{"embeddable":true,"href":"https:\/\/www.federacao-triatlo.pt\/ftp2015\/wp-json\/wp\/v2\/comments?post=107562"}],"version-history":[{"count":4,"href":"https:\/\/www.federacao-triatlo.pt\/ftp2015\/wp-json\/wp\/v2\/posts\/107562\/revisions"}],"predecessor-version":[{"id":107566,"href":"https:\/\/www.federacao-triatlo.pt\/ftp2015\/wp-json\/wp\/v2\/posts\/107562\/revisions\/107566"}],"wp:featuredmedia":[{"embeddable":true,"href":"https:\/\/www.federacao-triatlo.pt\/ftp2015\/wp-json\/wp\/v2\/media\/70664"}],"wp:attachment":[{"href":"https:\/\/www.federacao-triatlo.pt\/ftp2015\/wp-json\/wp\/v2\/media?parent=107562"}],"wp:term":[{"taxonomy":"category","embeddable":true,"href":"https:\/\/www.federacao-triatlo.pt\/ftp2015\/wp-json\/wp\/v2\/categories?post=107562"},{"taxonomy":"post_tag","embeddable":true,"href":"https:\/\/www.federacao-triatlo.pt\/ftp2015\/wp-json\/wp\/v2\/tags?post=107562"}],"curies":[{"name":"wp","href":"https:\/\/api.w.org\/{rel}","templated":true}]}}