{"id":107547,"date":"2026-04-27T10:08:12","date_gmt":"2026-04-27T09:08:12","guid":{"rendered":"https:\/\/www.federacao-triatlo.pt\/ftp2015\/?p=107547"},"modified":"2026-04-29T10:28:14","modified_gmt":"2026-04-29T09:28:14","slug":"taca-da-europa-seis-juniores-no-top-20-em-torremolinos","status":"publish","type":"post","link":"https:\/\/www.federacao-triatlo.pt\/ftp2015\/taca-da-europa-seis-juniores-no-top-20-em-torremolinos\/","title":{"rendered":"Ta\u00e7a da Europa: Seis juniores no top-20 em Torremolinos"},"content":{"rendered":"<p data-start=\"200\" data-end=\"551\"><span data-start=\"381\" data-end=\"442\">S<\/span><strong data-start=\"381\" data-end=\"442\">eis triatletas juniores portugueses terminaram no top-20<\/strong>, em Torremolinos, na Ta\u00e7a da Europa que decorreu no passado fim-de-semana, dia 26 de abril.<\/p>\n<p data-start=\"553\" data-end=\"1142\">Num evento condicionado pela m\u00e1 qualidade da \u00e1gua, o que obrigou a organiza\u00e7\u00e3o a transformar o formato em duatlo, Marta Ribeiro foi a melhor portuguesa ao alcan\u00e7ar o 11.\u00ba lugar, seguida de perto por Sofia Duarte (13.\u00aa), Dinis Ferreira (15.\u00ba), Artur Gaspar (16.\u00ba), Rodrigo Neves (17.\u00ba), Catarina Santos (20.\u00aa), Ricardo Pissarra (25.\u00ba), In\u00eas Fernandes (37.\u00aa) e Francisco Carvalho (42.\u00ba), todos no escal\u00e3o de juniores.<\/p>\n<p data-start=\"1144\" data-end=\"1383\">Na prova de elites, Matilde Santos foi a melhor portuguesa ao terminar na 24.\u00aa posi\u00e7\u00e3o, enquanto Cassilda Carvalho alcan\u00e7ou o 52.\u00ba lugar e Gustavo do Canto terminou em 59.\u00ba, num alinhamento igualmente condicionado pelo formato de duatlo.<\/p>\n<p data-start=\"1385\" data-end=\"1557\" data-is-last-node=\"\" data-is-only-node=\"\">\n","protected":false},"excerpt":{"rendered":"<p>Seis triatletas juniores portugueses terminaram no top-20, em Torremolinos, na [&hellip;]<\/p>\n","protected":false},"author":16153,"featured_media":107548,"comment_status":"closed","ping_status":"closed","sticky":false,"template":"","format":"standard","meta":{"footnotes":""},"categories":[2],"tags":[],"_links":{"self":[{"href":"https:\/\/www.federacao-triatlo.pt\/ftp2015\/wp-json\/wp\/v2\/posts\/107547"}],"collection":[{"href":"https:\/\/www.federacao-triatlo.pt\/ftp2015\/wp-json\/wp\/v2\/posts"}],"about":[{"href":"https:\/\/www.federacao-triatlo.pt\/ftp2015\/wp-json\/wp\/v2\/types\/post"}],"author":[{"embeddable":true,"href":"https:\/\/www.federacao-triatlo.pt\/ftp2015\/wp-json\/wp\/v2\/users\/16153"}],"replies":[{"embeddable":true,"href":"https:\/\/www.federacao-triatlo.pt\/ftp2015\/wp-json\/wp\/v2\/comments?post=107547"}],"version-history":[{"count":2,"href":"https:\/\/www.federacao-triatlo.pt\/ftp2015\/wp-json\/wp\/v2\/posts\/107547\/revisions"}],"predecessor-version":[{"id":107552,"href":"https:\/\/www.federacao-triatlo.pt\/ftp2015\/wp-json\/wp\/v2\/posts\/107547\/revisions\/107552"}],"wp:featuredmedia":[{"embeddable":true,"href":"https:\/\/www.federacao-triatlo.pt\/ftp2015\/wp-json\/wp\/v2\/media\/107548"}],"wp:attachment":[{"href":"https:\/\/www.federacao-triatlo.pt\/ftp2015\/wp-json\/wp\/v2\/media?parent=107547"}],"wp:term":[{"taxonomy":"category","embeddable":true,"href":"https:\/\/www.federacao-triatlo.pt\/ftp2015\/wp-json\/wp\/v2\/categories?post=107547"},{"taxonomy":"post_tag","embeddable":true,"href":"https:\/\/www.federacao-triatlo.pt\/ftp2015\/wp-json\/wp\/v2\/tags?post=107547"}],"curies":[{"name":"wp","href":"https:\/\/api.w.org\/{rel}","templated":true}]}}