{"id":107542,"date":"2026-04-29T09:11:20","date_gmt":"2026-04-29T08:11:20","guid":{"rendered":"https:\/\/www.federacao-triatlo.pt\/ftp2015\/?p=107542"},"modified":"2026-04-29T09:39:40","modified_gmt":"2026-04-29T08:39:40","slug":"coimbra-recebe-nacional-de-distancia-standard","status":"publish","type":"post","link":"https:\/\/www.federacao-triatlo.pt\/ftp2015\/coimbra-recebe-nacional-de-distancia-standard\/","title":{"rendered":"Coimbra recebe nacional de dist\u00e2ncia standard"},"content":{"rendered":"<p data-start=\"232\" data-end=\"486\">A \u00a0<span class=\"hover:entity-accent entity-underline inline cursor-pointer align-baseline\"><span class=\"whitespace-normal\">Federa\u00e7\u00e3o de Triatlo de Portugal<\/span><\/span> informa que o <strong data-start=\"323\" data-end=\"379\">Campeonato Nacional Individual de Dist\u00e2ncia Standard<\/strong> ter\u00e1 lugar no pr\u00f3ximo dia <strong data-start=\"406\" data-end=\"421\">13 de junho<\/strong>, em <strong data-start=\"436\" data-end=\"447\">Coimbra.<\/strong><\/p>\n<p data-start=\"488\" data-end=\"699\">A competi\u00e7\u00e3o ser\u00e1 disputada no formato <strong data-start=\"527\" data-end=\"539\">standard<\/strong> (<strong data-start=\"542\" data-end=\"563\">1,5 km de nata\u00e7\u00e3o<\/strong>, <strong data-start=\"565\" data-end=\"586\">40 km de ciclismo<\/strong> e <strong data-start=\"589\" data-end=\"609\">10 km de corrida)<\/strong> reunindo atletas de todo o pa\u00eds para um dos momentos mais aguardados da \u00e9poca nacional.<\/p>\n<p data-start=\"701\" data-end=\"905\">O evento contar\u00e1 tamb\u00e9m com uma <strong data-start=\"758\" data-end=\"774\">prova aberta<\/strong>, destinada a <strong data-start=\"788\" data-end=\"805\">n\u00e3o federados<\/strong> que queiram ter uma primeira experi\u00eancia no triatlo e participar num ambiente competitivo e seguro.<\/p>\n<p data-start=\"907\" data-end=\"1011\">Em breve ser\u00e3o divulgadas mais informa\u00e7\u00f5es relativas a hor\u00e1rios, percursos e procedimentos competitivos.<\/p>\n<p data-start=\"1013\" data-end=\"1108\">Contamos com a presen\u00e7a e o entusiasmo de todos para mais um grande dia de triatlo em Portugal!<\/p>\n","protected":false},"excerpt":{"rendered":"<p>A \u00a0Federa\u00e7\u00e3o de Triatlo de Portugal informa que o Campeonato [&hellip;]<\/p>\n","protected":false},"author":16153,"featured_media":107546,"comment_status":"closed","ping_status":"closed","sticky":false,"template":"","format":"standard","meta":{"footnotes":""},"categories":[9,2],"tags":[],"_links":{"self":[{"href":"https:\/\/www.federacao-triatlo.pt\/ftp2015\/wp-json\/wp\/v2\/posts\/107542"}],"collection":[{"href":"https:\/\/www.federacao-triatlo.pt\/ftp2015\/wp-json\/wp\/v2\/posts"}],"about":[{"href":"https:\/\/www.federacao-triatlo.pt\/ftp2015\/wp-json\/wp\/v2\/types\/post"}],"author":[{"embeddable":true,"href":"https:\/\/www.federacao-triatlo.pt\/ftp2015\/wp-json\/wp\/v2\/users\/16153"}],"replies":[{"embeddable":true,"href":"https:\/\/www.federacao-triatlo.pt\/ftp2015\/wp-json\/wp\/v2\/comments?post=107542"}],"version-history":[{"count":2,"href":"https:\/\/www.federacao-triatlo.pt\/ftp2015\/wp-json\/wp\/v2\/posts\/107542\/revisions"}],"predecessor-version":[{"id":107545,"href":"https:\/\/www.federacao-triatlo.pt\/ftp2015\/wp-json\/wp\/v2\/posts\/107542\/revisions\/107545"}],"wp:featuredmedia":[{"embeddable":true,"href":"https:\/\/www.federacao-triatlo.pt\/ftp2015\/wp-json\/wp\/v2\/media\/107546"}],"wp:attachment":[{"href":"https:\/\/www.federacao-triatlo.pt\/ftp2015\/wp-json\/wp\/v2\/media?parent=107542"}],"wp:term":[{"taxonomy":"category","embeddable":true,"href":"https:\/\/www.federacao-triatlo.pt\/ftp2015\/wp-json\/wp\/v2\/categories?post=107542"},{"taxonomy":"post_tag","embeddable":true,"href":"https:\/\/www.federacao-triatlo.pt\/ftp2015\/wp-json\/wp\/v2\/tags?post=107542"}],"curies":[{"name":"wp","href":"https:\/\/api.w.org\/{rel}","templated":true}]}}