{"id":107496,"date":"2026-04-27T17:08:00","date_gmt":"2026-04-27T16:08:00","guid":{"rendered":"https:\/\/www.federacao-triatlo.pt\/ftp2015\/?p=107496"},"modified":"2026-04-27T17:08:00","modified_gmt":"2026-04-27T16:08:00","slug":"cop-abre-candidaturas-de-financiamento-aos-clubes","status":"publish","type":"post","link":"https:\/\/www.federacao-triatlo.pt\/ftp2015\/cop-abre-candidaturas-de-financiamento-aos-clubes\/","title":{"rendered":"COP abre candidaturas de financiamento aos clubes"},"content":{"rendered":"<p>O Comit\u00e9 Ol\u00edmpico de Portugal (COP) anunciou a abertura de candidaturas para o apoio financeiro aos clubes no apetrechamento de instala\u00e7\u00f5es desportivas e na reposi\u00e7\u00e3o das infraestruturas desportivas nos Concelhos onde foi declarado estado de calamidade.<\/p>\n<p>Medida: Apetrechamento de Instala\u00e7\u00f5es Desportivas<br \/>\nDestinat\u00e1rios: Clubes Desportivos nacionais (associa\u00e7\u00f5es sem fins lucrativos) filiados em Federa\u00e7\u00f5es com estatuto de UPD<br \/>\nVerba m\u00ednima dispon\u00edvel: 3,1 M\u20ac<br \/>\nVerba a atribuir: de 1\u00a0000\u20ac a 22\u00a0500\u20ac<br \/>\nCandidaturas: de 5 de maio a 6 de julho, atrav\u00e9s da Plataforma Mais Desporto<\/p>\n<p>Medida: Regime Excecional de Apoio \u00e0 Reposi\u00e7\u00e3o das Infraestruturas Desportivas<br \/>\nDestinat\u00e1rios: Clubes Desportivos nacionais (associa\u00e7\u00f5es sem fins lucrativos) filiados em Federa\u00e7\u00f5es com estatuto de UPD, de Concelhos onde foi declarado, estado de calamidade.<br \/>\nVerba m\u00ednima dispon\u00edvel: 5,3 M\u20ac<br \/>\nVerba a atribuir: de 1\u00a0000\u20ac a 49\u00a0000\u20ac<br \/>\nCandidaturas: de 23 de abril a 22 de junho, atrav\u00e9s da Plataforma Mais Desporto<\/p>\n<p>Em baixo, encontram os regulamentos relativos a cada candidatura:<\/p>\n<p><a href=\"https:\/\/www.federacao-triatlo.pt\/ftp2015\/wp-content\/uploads\/2026\/04\/Regulamento-Apoio-ao-apetrechamento-de-instalacoes-desportivas-no-territorio-nacional.pdf\">Regulamento Apoio ao apetrechamento de instala\u00e7\u00f5es desportivas no territ\u00f3rio nacional<\/a><\/p>\n<p><a href=\"https:\/\/www.federacao-triatlo.pt\/ftp2015\/wp-content\/uploads\/2026\/04\/Regulamento-regime-excecional-de-apoio-a-reposicao-de-danos-em-infraestruturas.pdf\">Regulamento regime excecional de apoio \u00e0 reposi\u00e7\u00e3o de danos em infraestruturas<\/a><\/p>\n<p>Importa tamb\u00e9m informar que no pr\u00f3ximo dia 5 de maio, pelas 18:00, o COP vai promover uma sess\u00e3o de esclarecimento online, com a dura\u00e7\u00e3o m\u00e1xima de 1 hora, atrav\u00e9s da hiperliga\u00e7\u00e3o:<\/p>\n<p><a href=\"https:\/\/teams.microsoft.com\/meet\/386119972540710?p=McycHLhn9hVQ1USsyF\">https:\/\/teams.microsoft.com\/meet\/386119972540710?p=McycHLhn9hVQ1USsyF<\/a><\/p>\n","protected":false},"excerpt":{"rendered":"<p>O Comit\u00e9 Ol\u00edmpico de Portugal (COP) anunciou a abertura de [&hellip;]<\/p>\n","protected":false},"author":19200,"featured_media":104813,"comment_status":"closed","ping_status":"closed","sticky":false,"template":"","format":"standard","meta":{"footnotes":""},"categories":[5],"tags":[],"_links":{"self":[{"href":"https:\/\/www.federacao-triatlo.pt\/ftp2015\/wp-json\/wp\/v2\/posts\/107496"}],"collection":[{"href":"https:\/\/www.federacao-triatlo.pt\/ftp2015\/wp-json\/wp\/v2\/posts"}],"about":[{"href":"https:\/\/www.federacao-triatlo.pt\/ftp2015\/wp-json\/wp\/v2\/types\/post"}],"author":[{"embeddable":true,"href":"https:\/\/www.federacao-triatlo.pt\/ftp2015\/wp-json\/wp\/v2\/users\/19200"}],"replies":[{"embeddable":true,"href":"https:\/\/www.federacao-triatlo.pt\/ftp2015\/wp-json\/wp\/v2\/comments?post=107496"}],"version-history":[{"count":4,"href":"https:\/\/www.federacao-triatlo.pt\/ftp2015\/wp-json\/wp\/v2\/posts\/107496\/revisions"}],"predecessor-version":[{"id":107502,"href":"https:\/\/www.federacao-triatlo.pt\/ftp2015\/wp-json\/wp\/v2\/posts\/107496\/revisions\/107502"}],"wp:featuredmedia":[{"embeddable":true,"href":"https:\/\/www.federacao-triatlo.pt\/ftp2015\/wp-json\/wp\/v2\/media\/104813"}],"wp:attachment":[{"href":"https:\/\/www.federacao-triatlo.pt\/ftp2015\/wp-json\/wp\/v2\/media?parent=107496"}],"wp:term":[{"taxonomy":"category","embeddable":true,"href":"https:\/\/www.federacao-triatlo.pt\/ftp2015\/wp-json\/wp\/v2\/categories?post=107496"},{"taxonomy":"post_tag","embeddable":true,"href":"https:\/\/www.federacao-triatlo.pt\/ftp2015\/wp-json\/wp\/v2\/tags?post=107496"}],"curies":[{"name":"wp","href":"https:\/\/api.w.org\/{rel}","templated":true}]}}