{"id":107475,"date":"2026-04-27T10:04:08","date_gmt":"2026-04-27T09:04:08","guid":{"rendered":"https:\/\/www.federacao-triatlo.pt\/ftp2015\/?p=107475"},"modified":"2026-04-27T10:04:16","modified_gmt":"2026-04-27T09:04:16","slug":"media-distancia-joao-ferreira-e-vanessa-pereira-campeoes-nacionais","status":"publish","type":"post","link":"https:\/\/www.federacao-triatlo.pt\/ftp2015\/media-distancia-joao-ferreira-e-vanessa-pereira-campeoes-nacionais\/","title":{"rendered":"M\u00e9dia Dist\u00e2ncia: Jo\u00e3o Ferreira e Vanessa Pereira campe\u00f5es nacionais"},"content":{"rendered":"<p data-start=\"363\" data-end=\"790\">Vanessa Pereira e Jo\u00e3o Francisco Ferreira conquistaram o t\u00edtulo de Campe\u00f5es Nacionais de M\u00e9dia Dist\u00e2ncia ao vencerem o Triatlo de Moura, prova disputada este fim de semana (26 de abril) e que atribuiu os t\u00edtulos nacionais da dist\u00e2ncia (1,9km\/ 90km\/ 21km)<\/p>\n<p data-start=\"792\" data-end=\"1145\">Em condi\u00e7\u00f5es desafiantes e num percurso exigente composto por <strong data-start=\"854\" data-end=\"916\">1900 m de nata\u00e7\u00e3o, 90 km de ciclismo e 19 400 m de corrida<\/strong>, Vanessa Pereira (Triatlo Clube TAP) imp\u00f4s o seu ritmo, culminando com um tempo total de <strong data-start=\"1029\" data-end=\"1040\">4:40:16<\/strong> e assegurando assim o t\u00edtulo nacional feminino de m\u00e9dia dist\u00e2ncia. O p\u00f3dio ficou completo com Mariana Marques e Tuxa Negri, ambas do CNATRIL<\/p>\n<p data-start=\"1147\" data-end=\"1455\">No setor masculino, Jo\u00e3o Francisco Ferreira (N\u00facleo Sporting da Goleg\u00e3) fez justi\u00e7a \u00e0 sua experi\u00eancia na dist\u00e2ncia e fechou a prova com um um registo de <strong data-start=\"1333\" data-end=\"1344\">3:55:53<\/strong>, conquistando o t\u00edtulo de Campe\u00e3o Nacional de M\u00e9dia Dist\u00e2ncia Masculino. A cerca de quatro minutos do vencedor chegou Hugo Figueiredo, do Outsystems Ol\u00edmpico de Oeiras, e o p\u00f3dio foi fechado por Salom\u00e3o Selevenko (O2 Triatlo &#8211; S&#8217;look).<\/p>\n<p data-start=\"1884\" data-end=\"1970\">Os resultados completos da prova podem ser consultados aqui:<\/p>\n<p data-start=\"1884\" data-end=\"1970\"><a href=\"https:\/\/www.federacao-triatlo.pt\/ftp2015\/competicoes\/resultados\/resultados-2026\/iv-triatlo-de-moura\/\">IV Triatlo de Moura &#8211; Federa\u00e7\u00e3o de Triatlo de Portugal<\/a><\/p>\n","protected":false},"excerpt":{"rendered":"<p>Vanessa Pereira e Jo\u00e3o Francisco Ferreira conquistaram o t\u00edtulo de [&hellip;]<\/p>\n","protected":false},"author":16153,"featured_media":107476,"comment_status":"closed","ping_status":"closed","sticky":false,"template":"","format":"standard","meta":{"footnotes":""},"categories":[9,2],"tags":[],"_links":{"self":[{"href":"https:\/\/www.federacao-triatlo.pt\/ftp2015\/wp-json\/wp\/v2\/posts\/107475"}],"collection":[{"href":"https:\/\/www.federacao-triatlo.pt\/ftp2015\/wp-json\/wp\/v2\/posts"}],"about":[{"href":"https:\/\/www.federacao-triatlo.pt\/ftp2015\/wp-json\/wp\/v2\/types\/post"}],"author":[{"embeddable":true,"href":"https:\/\/www.federacao-triatlo.pt\/ftp2015\/wp-json\/wp\/v2\/users\/16153"}],"replies":[{"embeddable":true,"href":"https:\/\/www.federacao-triatlo.pt\/ftp2015\/wp-json\/wp\/v2\/comments?post=107475"}],"version-history":[{"count":1,"href":"https:\/\/www.federacao-triatlo.pt\/ftp2015\/wp-json\/wp\/v2\/posts\/107475\/revisions"}],"predecessor-version":[{"id":107478,"href":"https:\/\/www.federacao-triatlo.pt\/ftp2015\/wp-json\/wp\/v2\/posts\/107475\/revisions\/107478"}],"wp:featuredmedia":[{"embeddable":true,"href":"https:\/\/www.federacao-triatlo.pt\/ftp2015\/wp-json\/wp\/v2\/media\/107476"}],"wp:attachment":[{"href":"https:\/\/www.federacao-triatlo.pt\/ftp2015\/wp-json\/wp\/v2\/media?parent=107475"}],"wp:term":[{"taxonomy":"category","embeddable":true,"href":"https:\/\/www.federacao-triatlo.pt\/ftp2015\/wp-json\/wp\/v2\/categories?post=107475"},{"taxonomy":"post_tag","embeddable":true,"href":"https:\/\/www.federacao-triatlo.pt\/ftp2015\/wp-json\/wp\/v2\/tags?post=107475"}],"curies":[{"name":"wp","href":"https:\/\/api.w.org\/{rel}","templated":true}]}}