{"id":107469,"date":"2026-04-25T15:45:56","date_gmt":"2026-04-25T14:45:56","guid":{"rendered":"https:\/\/www.federacao-triatlo.pt\/ftp2015\/?p=107469"},"modified":"2026-04-25T15:49:39","modified_gmt":"2026-04-25T14:49:39","slug":"107469-2","status":"publish","type":"post","link":"https:\/\/www.federacao-triatlo.pt\/ftp2015\/107469-2\/","title":{"rendered":"Vasco Vila\u00e7a vence no arranque do Mundial"},"content":{"rendered":"<p>Vasco Vila\u00e7a conquistou este s\u00e1bado, em Samarcanda, no Uzbequist\u00e3o, a medalha de ouro na primeira prova do Campeonato do Mundo de 2026. O nosso trialtleta<strong> concluiu a primeira das nove provas do mundial em 01:43.33 horas, impondo-se ao alem\u00e3o Henry Graf,<\/strong>\u00a0segundo classificado a quatro segundos, e ao canadiano Charles Paquet, terceiro a oito.<\/p>\n<p>Ricardo Batista, sexto em Paris 2024, terminou a prova no oitavo posto, a 35 segundos do seu compatriota, que tinha sido quinto nos \u00faltimos Jogos Ol\u00edmpicos, Miguel Tiago Silva terminou na 12.\u00aa posi\u00e7\u00e3o, a 01.15 minutos, enquanto Jo\u00e3o Nuno Batista fechou o top 20, a 2.18 minutos de Vila\u00e7a. Portugal foi o \u00fanico Pa\u00eds a colocar quatro atletas entre os 20 primeiros classificados.<\/p>\n<p>Com este triunfo, Vila\u00e7a volta a colocar Portugal no primeiro lugar do p\u00f3dio de uma etapa do mundial, algo que n\u00e3o acontecia desde 2012,\u00a0ano em que Jo\u00e3o Silva venceu em Yokohama, ap\u00f3s j\u00e1 ter conquistado a etapa japonesa em 2011.<\/p>\n<p>Na prova feminina, Maria Tom\u00e9 garantiu o 12\u00ba posto, o que significa que conseguiu, no Uzbequist\u00e3o, o seu segundo melhor resultado de sempre em provas do Campeonato do Mundo.<\/p>\n","protected":false},"excerpt":{"rendered":"<p>Vasco Vila\u00e7a conquistou este s\u00e1bado, em Samarcanda, no Uzbequist\u00e3o, a [&hellip;]<\/p>\n","protected":false},"author":16153,"featured_media":107470,"comment_status":"closed","ping_status":"closed","sticky":false,"template":"","format":"standard","meta":{"footnotes":""},"categories":[9,2],"tags":[],"_links":{"self":[{"href":"https:\/\/www.federacao-triatlo.pt\/ftp2015\/wp-json\/wp\/v2\/posts\/107469"}],"collection":[{"href":"https:\/\/www.federacao-triatlo.pt\/ftp2015\/wp-json\/wp\/v2\/posts"}],"about":[{"href":"https:\/\/www.federacao-triatlo.pt\/ftp2015\/wp-json\/wp\/v2\/types\/post"}],"author":[{"embeddable":true,"href":"https:\/\/www.federacao-triatlo.pt\/ftp2015\/wp-json\/wp\/v2\/users\/16153"}],"replies":[{"embeddable":true,"href":"https:\/\/www.federacao-triatlo.pt\/ftp2015\/wp-json\/wp\/v2\/comments?post=107469"}],"version-history":[{"count":2,"href":"https:\/\/www.federacao-triatlo.pt\/ftp2015\/wp-json\/wp\/v2\/posts\/107469\/revisions"}],"predecessor-version":[{"id":107472,"href":"https:\/\/www.federacao-triatlo.pt\/ftp2015\/wp-json\/wp\/v2\/posts\/107469\/revisions\/107472"}],"wp:featuredmedia":[{"embeddable":true,"href":"https:\/\/www.federacao-triatlo.pt\/ftp2015\/wp-json\/wp\/v2\/media\/107470"}],"wp:attachment":[{"href":"https:\/\/www.federacao-triatlo.pt\/ftp2015\/wp-json\/wp\/v2\/media?parent=107469"}],"wp:term":[{"taxonomy":"category","embeddable":true,"href":"https:\/\/www.federacao-triatlo.pt\/ftp2015\/wp-json\/wp\/v2\/categories?post=107469"},{"taxonomy":"post_tag","embeddable":true,"href":"https:\/\/www.federacao-triatlo.pt\/ftp2015\/wp-json\/wp\/v2\/tags?post=107469"}],"curies":[{"name":"wp","href":"https:\/\/api.w.org\/{rel}","templated":true}]}}