{"id":106509,"date":"2026-03-16T07:50:32","date_gmt":"2026-03-16T07:50:32","guid":{"rendered":"https:\/\/www.federacao-triatlo.pt\/ftp2015\/?p=106509"},"modified":"2026-03-16T08:02:04","modified_gmt":"2026-03-16T08:02:04","slug":"gustavo-do-canto-e-maria-tome-campeoes-nacionais-de-super-sprint","status":"publish","type":"post","link":"https:\/\/www.federacao-triatlo.pt\/ftp2015\/gustavo-do-canto-e-maria-tome-campeoes-nacionais-de-super-sprint\/","title":{"rendered":"Gustavo do Canto e Maria Tom\u00e9 campe\u00f5es nacionais de super-sprint"},"content":{"rendered":"<article class=\"text-token-text-primary w-full focus:outline-none [--shadow-height:45px] has-data-writing-block:pointer-events-none has-data-writing-block:-mt-(--shadow-height) has-data-writing-block:pt-(--shadow-height) [&amp;:has([data-writing-block])&gt;*]:pointer-events-auto scroll-mt-(--header-height)\" dir=\"auto\" tabindex=\"-1\" data-turn-id=\"d941eb1d-e8f4-4b20-8497-2ee42f85413f\" data-testid=\"conversation-turn-21\" data-scroll-anchor=\"false\" data-turn=\"user\"><\/article>\n<article class=\"text-token-text-primary w-full focus:outline-none [--shadow-height:45px] has-data-writing-block:pointer-events-none has-data-writing-block:-mt-(--shadow-height) has-data-writing-block:pt-(--shadow-height) [&amp;:has([data-writing-block])&gt;*]:pointer-events-auto scroll-mt-[calc(var(--header-height)+min(200px,max(70px,20svh)))]\" dir=\"auto\" tabindex=\"-1\" data-turn-id=\"request-WEB:0be2d570-18ec-4021-9bd4-815db60e42af-10\" data-testid=\"conversation-turn-22\" data-scroll-anchor=\"true\" data-turn=\"assistant\">\n<div class=\"text-base my-auto mx-auto pb-10 [--thread-content-margin:var(--thread-content-margin-xs,calc(var(--spacing)*4))] @w-sm\/main:[--thread-content-margin:var(--thread-content-margin-sm,calc(var(--spacing)*6))] @w-lg\/main:[--thread-content-margin:var(--thread-content-margin-lg,calc(var(--spacing)*16))] px-(--thread-content-margin)\">\n<div class=\"[--thread-content-max-width:40rem] @w-lg\/main:[--thread-content-max-width:48rem] mx-auto max-w-(--thread-content-max-width) flex-1 group\/turn-messages focus-visible:outline-hidden relative flex w-full min-w-0 flex-col agent-turn\" tabindex=\"-1\">\n<div class=\"flex max-w-full flex-col gap-4 grow\">\n<div class=\"min-h-8 text-message relative flex w-full flex-col items-end gap-2 text-start break-words whitespace-normal [.text-message+&amp;]:mt-1\" dir=\"auto\" data-message-author-role=\"assistant\" data-message-id=\"c1e5a91e-632d-4513-9f7a-4e6abb64cae0\" data-message-model-slug=\"gpt-5-3\">\n<div class=\"flex w-full flex-col gap-1 empty:hidden\">\n<div class=\"markdown prose dark:prose-invert w-full wrap-break-word light markdown-new-styling\">\n<p data-start=\"0\" data-end=\"365\"><span class=\"hover:entity-accent entity-underline inline cursor-pointer align-baseline\"><span class=\"whitespace-normal\">Gustavo do Canto<\/span><\/span> <span class=\"BZ_Pyq_fadeIn\">e <\/span><span class=\"hover:entity-accent entity-underline inline cursor-pointer align-baseline\"><span class=\"whitespace-normal\">Maria Tom\u00e9, ambos do Clube de Nata\u00e7\u00e3o de Torres Novas,<\/span><\/span>\u00a0<span class=\"BZ_Pyq_fadeIn\">venceram <\/span><span class=\"BZ_Pyq_fadeIn\">este <\/span><span class=\"BZ_Pyq_fadeIn\">domingo <\/span><span class=\"BZ_Pyq_fadeIn\">o <\/span><span class=\"BZ_Pyq_fadeIn\">Campeonato <\/span><span class=\"BZ_Pyq_fadeIn\">Nacional <\/span><span class=\"BZ_Pyq_fadeIn\">de <\/span><span class=\"BZ_Pyq_fadeIn\">Super-<\/span><span class=\"BZ_Pyq_fadeIn\">Sprint<\/span><span class=\"BZ_Pyq_fadeIn\">, <\/span><span class=\"BZ_Pyq_fadeIn\">disputado <\/span><span class=\"BZ_Pyq_fadeIn\">em <\/span><span class=\"hover:entity-accent entity-underline inline cursor-pointer align-baseline\"><span class=\"whitespace-normal\">Albufeira.<\/span><\/span><span class=\"BZ_Pyq_fadeIn\">\u00a0<\/span><span class=\"BZ_Pyq_fadeIn\">A <\/span><span class=\"BZ_Pyq_fadeIn\">competi\u00e7\u00e3o <\/span><span class=\"BZ_Pyq_fadeIn\">integrou <\/span><span class=\"BZ_Pyq_fadeIn\">300 <\/span><span class=\"BZ_Pyq_fadeIn\">metros <\/span><span class=\"BZ_Pyq_fadeIn\">de <\/span><span class=\"BZ_Pyq_fadeIn\">nata\u00e7\u00e3o, <\/span><span class=\"BZ_Pyq_fadeIn\">7 <\/span><span class=\"BZ_Pyq_fadeIn\">400 <\/span><span class=\"BZ_Pyq_fadeIn\">metros <\/span><span class=\"BZ_Pyq_fadeIn\">de <\/span><span class=\"BZ_Pyq_fadeIn\">ciclismo <\/span><span class=\"BZ_Pyq_fadeIn\">e <\/span><span class=\"BZ_Pyq_fadeIn\">1 <\/span><span class=\"BZ_Pyq_fadeIn\">850 <\/span><span class=\"BZ_Pyq_fadeIn\">metros <\/span><span class=\"BZ_Pyq_fadeIn\">de <\/span><span class=\"BZ_Pyq_fadeIn\">corrida.\u00a0<\/span><\/p>\n<p data-start=\"367\" data-end=\"703\"><span class=\"BZ_Pyq_fadeIn\">No <\/span><span class=\"BZ_Pyq_fadeIn\">setor <\/span><span class=\"BZ_Pyq_fadeIn\">masculino, <\/span><span class=\"BZ_Pyq_fadeIn\">Gustavo <\/span><span class=\"BZ_Pyq_fadeIn\">do <\/span><span class=\"BZ_Pyq_fadeIn\">Canto <\/span><span class=\"BZ_Pyq_fadeIn\">assegurou <\/span><span class=\"BZ_Pyq_fadeIn\">o <\/span><span class=\"BZ_Pyq_fadeIn\">t\u00edtulo <\/span><span class=\"BZ_Pyq_fadeIn\">nacional <\/span><span class=\"BZ_Pyq_fadeIn\">com <\/span><span class=\"BZ_Pyq_fadeIn\">o <\/span><span class=\"BZ_Pyq_fadeIn\">tempo <\/span><span class=\"BZ_Pyq_fadeIn\">de <\/span><span class=\"BZ_Pyq_fadeIn\">20:<\/span><span class=\"BZ_Pyq_fadeIn\">45<\/span><span class=\"BZ_Pyq_fadeIn\">. <\/span><span class=\"BZ_Pyq_fadeIn\">Jo\u00e3o <\/span><span class=\"BZ_Pyq_fadeIn\">Nuno <\/span><span class=\"BZ_Pyq_fadeIn\">Batista<\/span> <span class=\"BZ_Pyq_fadeIn\">terminou <\/span><span class=\"BZ_Pyq_fadeIn\">em <\/span><span class=\"BZ_Pyq_fadeIn\">segundo <\/span><span class=\"BZ_Pyq_fadeIn\">lugar <\/span><span class=\"BZ_Pyq_fadeIn\">com <\/span><span class=\"BZ_Pyq_fadeIn\">20:<\/span><span class=\"BZ_Pyq_fadeIn\">48<\/span><span class=\"BZ_Pyq_fadeIn\">, <\/span><span class=\"BZ_Pyq_fadeIn\">enquanto <\/span><span class=\"BZ_Pyq_fadeIn\">Tom\u00e1s <\/span><span class=\"BZ_Pyq_fadeIn\">Figueiredo (Outsystems Ol\u00edmpico de Oeiras)<\/span>\u00a0<span class=\"BZ_Pyq_fadeIn\">fechou <\/span><span class=\"BZ_Pyq_fadeIn\">o <\/span><span class=\"BZ_Pyq_fadeIn\">p\u00f3dio <\/span><span class=\"BZ_Pyq_fadeIn\">com <\/span><span class=\"BZ_Pyq_fadeIn\">20:<\/span><span class=\"BZ_Pyq_fadeIn\">56<\/span><span class=\"BZ_Pyq_fadeIn\">. <\/span><\/p>\n<p data-start=\"705\" data-end=\"1092\"><span class=\"BZ_Pyq_fadeIn\">Na <\/span><span class=\"BZ_Pyq_fadeIn\">competi\u00e7\u00e3o <\/span><span class=\"BZ_Pyq_fadeIn\">feminina, <\/span><span class=\"BZ_Pyq_fadeIn\">Maria <\/span><span class=\"BZ_Pyq_fadeIn\">Tom\u00e9 <\/span><span class=\"BZ_Pyq_fadeIn\">sagrou-<\/span><span class=\"BZ_Pyq_fadeIn\">se <\/span><span class=\"BZ_Pyq_fadeIn\">campe\u00e3 <\/span><span class=\"BZ_Pyq_fadeIn\">nacional <\/span><span class=\"BZ_Pyq_fadeIn\">com <\/span><span class=\"BZ_Pyq_fadeIn\">o <\/span><span class=\"BZ_Pyq_fadeIn\">tempo <\/span><span class=\"BZ_Pyq_fadeIn\">de <\/span><span class=\"BZ_Pyq_fadeIn\">23:<\/span><span class=\"BZ_Pyq_fadeIn\">14<\/span><span class=\"BZ_Pyq_fadeIn\">. <\/span><span class=\"BZ_Pyq_fadeIn\">A <\/span><span class=\"BZ_Pyq_fadeIn\">brit\u00e2nica <\/span><span class=\"BZ_Pyq_fadeIn\">Bethany <\/span><span class=\"BZ_Pyq_fadeIn\">Cook<\/span> <span class=\"BZ_Pyq_fadeIn\">venceu <\/span><span class=\"BZ_Pyq_fadeIn\">a <\/span><span class=\"BZ_Pyq_fadeIn\">classifica\u00e7\u00e3o <\/span><span class=\"BZ_Pyq_fadeIn\">geral <\/span><span class=\"BZ_Pyq_fadeIn\">feminina <\/span><span class=\"BZ_Pyq_fadeIn\">da <\/span><span class=\"BZ_Pyq_fadeIn\">prova <\/span><span class=\"BZ_Pyq_fadeIn\">com <\/span><span class=\"BZ_Pyq_fadeIn\">22:<\/span><span class=\"BZ_Pyq_fadeIn\">58<\/span><span class=\"BZ_Pyq_fadeIn\">, <\/span><span class=\"BZ_Pyq_fadeIn\">mas, <\/span><span class=\"BZ_Pyq_fadeIn\">por <\/span><span class=\"BZ_Pyq_fadeIn\">n\u00e3o <\/span><span class=\"BZ_Pyq_fadeIn\">ser <\/span><span class=\"BZ_Pyq_fadeIn\">atleta <\/span><span class=\"BZ_Pyq_fadeIn\">eleg\u00edvel <\/span><span class=\"BZ_Pyq_fadeIn\">para <\/span><span class=\"BZ_Pyq_fadeIn\">o <\/span><span class=\"BZ_Pyq_fadeIn\">t\u00edtulo <\/span><span class=\"BZ_Pyq_fadeIn\">nacional, <\/span><span class=\"BZ_Pyq_fadeIn\">o <\/span><span class=\"BZ_Pyq_fadeIn\">campeonato <\/span><span class=\"BZ_Pyq_fadeIn\">ficou <\/span><span class=\"BZ_Pyq_fadeIn\">atribu\u00eddo <\/span><span class=\"BZ_Pyq_fadeIn\">a <\/span><span class=\"BZ_Pyq_fadeIn\">Tom\u00e9. <\/span><span class=\"BZ_Pyq_fadeIn\">Madalena <\/span><span class=\"BZ_Pyq_fadeIn\">Almeida<\/span> (Outsystems Ol\u00edmpico de Oeiras) <span class=\"BZ_Pyq_fadeIn\">concluiu <\/span><span class=\"BZ_Pyq_fadeIn\">igualmente <\/span><span class=\"BZ_Pyq_fadeIn\">em <\/span><span class=\"BZ_Pyq_fadeIn\">23:<\/span><span class=\"BZ_Pyq_fadeIn\">14, garantido o t\u00edtulo de vice-campe\u00e3.<\/span><\/p>\n<p data-start=\"705\" data-end=\"1092\">Passaram por Albufeira mais de 300 triatletas, dos mais divers\u00f5es grupos de idades.<\/p>\n<p data-start=\"705\" data-end=\"1092\">De recordar que a dist\u00e2ncia super-sprint faz parte do programa ol\u00edmpico na variante de estafetas mistas.<\/p>\n<p data-start=\"705\" data-end=\"1092\">Todos os resultados aqui:<\/p>\n<p data-start=\"705\" data-end=\"1092\"><a href=\"https:\/\/www.federacao-triatlo.pt\/ftp2015\/competicoes\/resultados\/resultados-2026\/xii-triatlo-de-albufeira\/\">XII Triatlo de Albufeira &#8211; Federa\u00e7\u00e3o de Triatlo de Portugal<\/a><\/p>\n<p data-start=\"705\" data-end=\"1092\">\n<\/div>\n<\/div>\n<\/div>\n<\/div>\n<\/div>\n<\/div>\n<\/article>\n","protected":false},"excerpt":{"rendered":"<p>Gustavo do Canto e Maria Tom\u00e9, ambos do Clube de [&hellip;]<\/p>\n","protected":false},"author":16153,"featured_media":106510,"comment_status":"closed","ping_status":"closed","sticky":false,"template":"","format":"standard","meta":{"footnotes":""},"categories":[9,2],"tags":[],"_links":{"self":[{"href":"https:\/\/www.federacao-triatlo.pt\/ftp2015\/wp-json\/wp\/v2\/posts\/106509"}],"collection":[{"href":"https:\/\/www.federacao-triatlo.pt\/ftp2015\/wp-json\/wp\/v2\/posts"}],"about":[{"href":"https:\/\/www.federacao-triatlo.pt\/ftp2015\/wp-json\/wp\/v2\/types\/post"}],"author":[{"embeddable":true,"href":"https:\/\/www.federacao-triatlo.pt\/ftp2015\/wp-json\/wp\/v2\/users\/16153"}],"replies":[{"embeddable":true,"href":"https:\/\/www.federacao-triatlo.pt\/ftp2015\/wp-json\/wp\/v2\/comments?post=106509"}],"version-history":[{"count":4,"href":"https:\/\/www.federacao-triatlo.pt\/ftp2015\/wp-json\/wp\/v2\/posts\/106509\/revisions"}],"predecessor-version":[{"id":106515,"href":"https:\/\/www.federacao-triatlo.pt\/ftp2015\/wp-json\/wp\/v2\/posts\/106509\/revisions\/106515"}],"wp:featuredmedia":[{"embeddable":true,"href":"https:\/\/www.federacao-triatlo.pt\/ftp2015\/wp-json\/wp\/v2\/media\/106510"}],"wp:attachment":[{"href":"https:\/\/www.federacao-triatlo.pt\/ftp2015\/wp-json\/wp\/v2\/media?parent=106509"}],"wp:term":[{"taxonomy":"category","embeddable":true,"href":"https:\/\/www.federacao-triatlo.pt\/ftp2015\/wp-json\/wp\/v2\/categories?post=106509"},{"taxonomy":"post_tag","embeddable":true,"href":"https:\/\/www.federacao-triatlo.pt\/ftp2015\/wp-json\/wp\/v2\/tags?post=106509"}],"curies":[{"name":"wp","href":"https:\/\/api.w.org\/{rel}","templated":true}]}}