{"id":106435,"date":"2026-04-14T09:20:17","date_gmt":"2026-04-14T08:20:17","guid":{"rendered":"https:\/\/www.federacao-triatlo.pt\/ftp2015\/?p=106435"},"modified":"2026-04-17T15:08:44","modified_gmt":"2026-04-17T14:08:44","slug":"formacao-continua-sobre-orientacao-dos-nadadores-em-aguas-abertas","status":"publish","type":"post","link":"https:\/\/www.federacao-triatlo.pt\/ftp2015\/formacao-continua-sobre-orientacao-dos-nadadores-em-aguas-abertas\/","title":{"rendered":"Inscri\u00e7\u00f5es Esgotadas &#8211; Forma\u00e7\u00e3o cont\u00ednua sobre Orienta\u00e7\u00e3o em \u00c1guas Abertas"},"content":{"rendered":"<p>A FTP vai organizar no dia 18 de abril uma a\u00e7\u00e3o de forma\u00e7\u00e3o sobre &#8220;O Nado e a Orienta\u00e7\u00e3o dos Nadadores em \u00c1guas Abertas&#8221;. Vai decorrer no Audit\u00f3rio do Complexo de Piscinas do Jamor, entre as 15:00 e as 18:00.<\/p>\n<p>Todas as informa\u00e7\u00f5es sobre a a\u00e7\u00e3o de forma\u00e7\u00e3o, bem como o formul\u00e1rio de inscri\u00e7\u00e3o, est\u00e3o no link:<\/p>\n<p><a href=\"https:\/\/forms.gle\/uHz8vrpqxABL5AZo6\">https:\/\/forms.gle\/uHz8vrpqxABL5AZo6<\/a><\/p>\n","protected":false},"excerpt":{"rendered":"<p>A FTP vai organizar no dia 18 de abril uma [&hellip;]<\/p>\n","protected":false},"author":19200,"featured_media":106438,"comment_status":"closed","ping_status":"closed","sticky":false,"template":"","format":"standard","meta":{"footnotes":""},"categories":[7,2],"tags":[],"_links":{"self":[{"href":"https:\/\/www.federacao-triatlo.pt\/ftp2015\/wp-json\/wp\/v2\/posts\/106435"}],"collection":[{"href":"https:\/\/www.federacao-triatlo.pt\/ftp2015\/wp-json\/wp\/v2\/posts"}],"about":[{"href":"https:\/\/www.federacao-triatlo.pt\/ftp2015\/wp-json\/wp\/v2\/types\/post"}],"author":[{"embeddable":true,"href":"https:\/\/www.federacao-triatlo.pt\/ftp2015\/wp-json\/wp\/v2\/users\/19200"}],"replies":[{"embeddable":true,"href":"https:\/\/www.federacao-triatlo.pt\/ftp2015\/wp-json\/wp\/v2\/comments?post=106435"}],"version-history":[{"count":4,"href":"https:\/\/www.federacao-triatlo.pt\/ftp2015\/wp-json\/wp\/v2\/posts\/106435\/revisions"}],"predecessor-version":[{"id":107174,"href":"https:\/\/www.federacao-triatlo.pt\/ftp2015\/wp-json\/wp\/v2\/posts\/106435\/revisions\/107174"}],"wp:featuredmedia":[{"embeddable":true,"href":"https:\/\/www.federacao-triatlo.pt\/ftp2015\/wp-json\/wp\/v2\/media\/106438"}],"wp:attachment":[{"href":"https:\/\/www.federacao-triatlo.pt\/ftp2015\/wp-json\/wp\/v2\/media?parent=106435"}],"wp:term":[{"taxonomy":"category","embeddable":true,"href":"https:\/\/www.federacao-triatlo.pt\/ftp2015\/wp-json\/wp\/v2\/categories?post=106435"},{"taxonomy":"post_tag","embeddable":true,"href":"https:\/\/www.federacao-triatlo.pt\/ftp2015\/wp-json\/wp\/v2\/tags?post=106435"}],"curies":[{"name":"wp","href":"https:\/\/api.w.org\/{rel}","templated":true}]}}