{"id":106416,"date":"2026-03-10T14:50:02","date_gmt":"2026-03-10T14:50:02","guid":{"rendered":"https:\/\/www.federacao-triatlo.pt\/ftp2015\/?p=106416"},"modified":"2026-03-18T09:40:29","modified_gmt":"2026-03-18T09:40:29","slug":"junta-te-a-nossa-equipa-procuramos-gestor-desportivo","status":"publish","type":"post","link":"https:\/\/www.federacao-triatlo.pt\/ftp2015\/junta-te-a-nossa-equipa-procuramos-gestor-desportivo\/","title":{"rendered":"Junta-te \u00e0 nossa equipa! Procuramos gestor desportivo"},"content":{"rendered":"<p>A Federa\u00e7\u00e3o de Triatlo de Portugal encontra-se a recrutar um\u00a0<strong>Gestor Desportivo<\/strong>\u00a0para integrar o Departamento T\u00e9cnico, com o objetivo de refor\u00e7ar a capacidade de planeamento, acompanhamento e execu\u00e7\u00e3o das atividades t\u00e9cnicas e operacionais da federa\u00e7\u00e3o.<\/p>\n<p>O Gestor Desportivo trabalhar\u00e1 em estreita articula\u00e7\u00e3o com a\u00a0<strong>Dire\u00e7\u00e3o T\u00e9cnica Nacional<\/strong>, apoiando a implementa\u00e7\u00e3o das atividades t\u00e9cnicas da federa\u00e7\u00e3o e contribuindo para o desenvolvimento do triatlo e das sele\u00e7\u00f5es nacionais.<\/p>\n<h2>Principais fun\u00e7\u00f5es<\/h2>\n<ul>\n<li>Apoiar a implementa\u00e7\u00e3o do plano t\u00e9cnico e operacional da federa\u00e7\u00e3o.<\/li>\n<li>Acompanhar atletas e equipas nacionais em treinos, est\u00e1gios e competi\u00e7\u00f5es.<\/li>\n<li>Elaborar relat\u00f3rios t\u00e9cnicos e de acompanhamento da atividade desportiva.<\/li>\n<li>Colaborar na organiza\u00e7\u00e3o e log\u00edstica de est\u00e1gios e competi\u00e7\u00f5es nacionais e internacionais.<\/li>\n<li>Apoiar a articula\u00e7\u00e3o entre atletas, treinadores, clubes e a estrutura t\u00e9cnica da federa\u00e7\u00e3o.<\/li>\n<li>Gerir os equipamentos de treino e competi\u00e7\u00e3o das sele\u00e7\u00f5es nacionais.<\/li>\n<li>Contribuir para a recolha e organiza\u00e7\u00e3o de informa\u00e7\u00e3o t\u00e9cnica relevante para o planeamento desportivo.<\/li>\n<\/ul>\n<h2>Requisitos m\u00ednimos<\/h2>\n<ul>\n<li>Licenciatura ou mestrado em\u00a0<strong>Ci\u00eancias do Desporto, Gest\u00e3o do Desporto ou \u00e1rea afim<\/strong>, obtido em\u00a0<strong>2022 ou posteriormente<\/strong>.<\/li>\n<\/ul>\n<h2>Crit\u00e9rios de valoriza\u00e7\u00e3o<\/h2>\n<ul>\n<li>Experi\u00eancia em projetos ou atividades no contexto desportivo.<\/li>\n<li>Experi\u00eancia como praticante desportivo federado.<\/li>\n<li>Experi\u00eancia em dirigismo ou organiza\u00e7\u00e3o desportiva.<\/li>\n<li>Condi\u00e7\u00e3o de ex-atleta de alto rendimento.<\/li>\n<\/ul>\n<h2>Candidaturas<\/h2>\n<p>Os interessados dever\u00e3o, at\u00e9 dia 20 de mar\u00e7o, enviar <strong>CV e carta de motiva\u00e7\u00e3o<\/strong> para a Federa\u00e7\u00e3o de Triatlo de Portugal: <a href=\"mailto:secretaria@federacao-triatlo.pt\">secretaria@federacao-triatlo.pt<\/a><\/p>\n","protected":false},"excerpt":{"rendered":"<p>A Federa\u00e7\u00e3o de Triatlo de Portugal encontra-se a recrutar um\u00a0Gestor [&hellip;]<\/p>\n","protected":false},"author":16153,"featured_media":100920,"comment_status":"closed","ping_status":"closed","sticky":false,"template":"","format":"standard","meta":{"footnotes":""},"categories":[2],"tags":[],"_links":{"self":[{"href":"https:\/\/www.federacao-triatlo.pt\/ftp2015\/wp-json\/wp\/v2\/posts\/106416"}],"collection":[{"href":"https:\/\/www.federacao-triatlo.pt\/ftp2015\/wp-json\/wp\/v2\/posts"}],"about":[{"href":"https:\/\/www.federacao-triatlo.pt\/ftp2015\/wp-json\/wp\/v2\/types\/post"}],"author":[{"embeddable":true,"href":"https:\/\/www.federacao-triatlo.pt\/ftp2015\/wp-json\/wp\/v2\/users\/16153"}],"replies":[{"embeddable":true,"href":"https:\/\/www.federacao-triatlo.pt\/ftp2015\/wp-json\/wp\/v2\/comments?post=106416"}],"version-history":[{"count":4,"href":"https:\/\/www.federacao-triatlo.pt\/ftp2015\/wp-json\/wp\/v2\/posts\/106416\/revisions"}],"predecessor-version":[{"id":106541,"href":"https:\/\/www.federacao-triatlo.pt\/ftp2015\/wp-json\/wp\/v2\/posts\/106416\/revisions\/106541"}],"wp:featuredmedia":[{"embeddable":true,"href":"https:\/\/www.federacao-triatlo.pt\/ftp2015\/wp-json\/wp\/v2\/media\/100920"}],"wp:attachment":[{"href":"https:\/\/www.federacao-triatlo.pt\/ftp2015\/wp-json\/wp\/v2\/media?parent=106416"}],"wp:term":[{"taxonomy":"category","embeddable":true,"href":"https:\/\/www.federacao-triatlo.pt\/ftp2015\/wp-json\/wp\/v2\/categories?post=106416"},{"taxonomy":"post_tag","embeddable":true,"href":"https:\/\/www.federacao-triatlo.pt\/ftp2015\/wp-json\/wp\/v2\/tags?post=106416"}],"curies":[{"name":"wp","href":"https:\/\/api.w.org\/{rel}","templated":true}]}}