{"id":106383,"date":"2026-03-09T10:35:56","date_gmt":"2026-03-09T10:35:56","guid":{"rendered":"https:\/\/www.federacao-triatlo.pt\/ftp2015\/?p=106383"},"modified":"2026-03-09T10:37:20","modified_gmt":"2026-03-09T10:37:20","slug":"taca-de-portugal-sporting-e-outsystems-olimpico-de-oeiras-vencem-em-santo-andre","status":"publish","type":"post","link":"https:\/\/www.federacao-triatlo.pt\/ftp2015\/taca-de-portugal-sporting-e-outsystems-olimpico-de-oeiras-vencem-em-santo-andre\/","title":{"rendered":"Ta\u00e7a de Portugal: Sporting e Outsystems Ol\u00edmpico de Oeiras vencem em Santo Andr\u00e9"},"content":{"rendered":"<p data-start=\"127\" data-end=\"427\"><span class=\"hover:entity-accent entity-underline inline cursor-pointer align-baseline\"><span class=\"whitespace-normal\">O Triatlo de Santo Andr\u00e9<\/span><\/span> abriu a Ta\u00e7a de Portugal de 2026 com vit\u00f3rias para o <span class=\"hover:entity-accent entity-underline inline cursor-pointer align-baseline\"><span class=\"whitespace-normal\">Outsystems Ol\u00edmpico de Oeiras<\/span><\/span> no setor feminino e para o <span class=\"hover:entity-accent entity-underline inline cursor-pointer align-baseline\"><span class=\"whitespace-normal\">Sporting Clube de Portugal<\/span><\/span> na competi\u00e7\u00e3o masculina.<\/p>\n<p data-start=\"429\" data-end=\"999\">Entre as mulheres, Matilde Santos (Outsystems Ol\u00edmpico de Oeiras) foi a mais r\u00e1pida em prova, ao completar o percurso em 1h05\u201917\u201d. Seguiu-se Sofia Duarte (CAD Amora\/Associa\u00e7\u00e3o Naval Amorense) que gastou mais 29 segundos,\u00a0 enquanto Cassilda Carvalho (Clube de Nata\u00e7\u00e3o de Torres Novas) terminou em terceiro lugar com 1h06\u201910\u201d.<\/p>\n<p data-start=\"1001\" data-end=\"1518\">Entre os homens, a vit\u00f3ria individual sorriu a Miguel Tiago Silva (Outsystems Ol\u00edmpico de Oeiras), que cortou a meta em 55\u201915\u201d, colocando-se na frente desde cedo. Dinis Ferreira (Sporting Clube de Portugal) assegurou o segundo lugar com 55\u201926\u201d, e Tom\u00e1s Figueiredo (Outsystems Ol\u00edmpico de Oeiras) ficou em terceiro com 55\u201932\u201d, completando o p\u00f3dio.<\/p>\n<p data-start=\"1520\" data-end=\"1785\">Na classifica\u00e7\u00e3o coletiva, o Outsystems Ol\u00edmpico de Oeiras triunfou entre as mulheres, com o Clube de Nata\u00e7\u00e3o de Torres Novas e o Sporting Clube de Portugal a fecharem o p\u00f3dio. No sector masculino, os le\u00f5es de Alvalade venceram, com os homens de Oeiras a garantirem o segundo lugar, enquanto os torrejanos fecharam o p\u00f3dio.<\/p>\n<p data-start=\"1787\" data-end=\"1989\">\n","protected":false},"excerpt":{"rendered":"<p>O Triatlo de Santo Andr\u00e9 abriu a Ta\u00e7a de Portugal [&hellip;]<\/p>\n","protected":false},"author":16153,"featured_media":106386,"comment_status":"closed","ping_status":"closed","sticky":false,"template":"","format":"standard","meta":{"footnotes":""},"categories":[9,2],"tags":[],"_links":{"self":[{"href":"https:\/\/www.federacao-triatlo.pt\/ftp2015\/wp-json\/wp\/v2\/posts\/106383"}],"collection":[{"href":"https:\/\/www.federacao-triatlo.pt\/ftp2015\/wp-json\/wp\/v2\/posts"}],"about":[{"href":"https:\/\/www.federacao-triatlo.pt\/ftp2015\/wp-json\/wp\/v2\/types\/post"}],"author":[{"embeddable":true,"href":"https:\/\/www.federacao-triatlo.pt\/ftp2015\/wp-json\/wp\/v2\/users\/16153"}],"replies":[{"embeddable":true,"href":"https:\/\/www.federacao-triatlo.pt\/ftp2015\/wp-json\/wp\/v2\/comments?post=106383"}],"version-history":[{"count":1,"href":"https:\/\/www.federacao-triatlo.pt\/ftp2015\/wp-json\/wp\/v2\/posts\/106383\/revisions"}],"predecessor-version":[{"id":106387,"href":"https:\/\/www.federacao-triatlo.pt\/ftp2015\/wp-json\/wp\/v2\/posts\/106383\/revisions\/106387"}],"wp:featuredmedia":[{"embeddable":true,"href":"https:\/\/www.federacao-triatlo.pt\/ftp2015\/wp-json\/wp\/v2\/media\/106386"}],"wp:attachment":[{"href":"https:\/\/www.federacao-triatlo.pt\/ftp2015\/wp-json\/wp\/v2\/media?parent=106383"}],"wp:term":[{"taxonomy":"category","embeddable":true,"href":"https:\/\/www.federacao-triatlo.pt\/ftp2015\/wp-json\/wp\/v2\/categories?post=106383"},{"taxonomy":"post_tag","embeddable":true,"href":"https:\/\/www.federacao-triatlo.pt\/ftp2015\/wp-json\/wp\/v2\/tags?post=106383"}],"curies":[{"name":"wp","href":"https:\/\/api.w.org\/{rel}","templated":true}]}}