{"id":106374,"date":"2026-03-07T11:35:56","date_gmt":"2026-03-07T11:35:56","guid":{"rendered":"https:\/\/www.federacao-triatlo.pt\/ftp2015\/?p=106374"},"modified":"2026-03-07T11:40:50","modified_gmt":"2026-03-07T11:40:50","slug":"arranque-do-mundial-de-triatlo-em-abu-dhabi-adiado","status":"publish","type":"post","link":"https:\/\/www.federacao-triatlo.pt\/ftp2015\/arranque-do-mundial-de-triatlo-em-abu-dhabi-adiado\/","title":{"rendered":"Arranque do Mundial de Triatlo em Abu Dhabi adiado"},"content":{"rendered":"<p data-start=\"520\" data-end=\"727\">O arranque do mundial de triatlo, agendado para Abu Dhabi para 28 e 29 de mar\u00e7o, foi adiado devido \u00e0 instabilidade na regi\u00e3o. A World Triathlon, federa\u00e7\u00e3o internacional, anunciou que a prova dos Emirados \u00c1rabes Unidos ser\u00e1 reagendada, estando ent\u00e3o o in\u00edcio do campeonato do mundo previsto agora para Samarcanda, Uzbequist\u00e3o, no dia 26 de Abril.<\/p>\n<p data-start=\"945\" data-end=\"1423\">De acordo com os regulamentos da World Triathlon, se a prova de Abu Dhabi for reagendada antes da Grande Final, em Pontevedra, mant\u00e9m-se o formato de contarem para a classifica\u00e7\u00e3o final as cinco melhores provas de cada atleta. \u00a0No entanto, se for realizada depois da Grande Final, apenas quatro etapas mais a final contar\u00e3o para a atribui\u00e7\u00e3o do t\u00edtulo de campe\u00e3o do mundo.<\/p>\n<p data-start=\"945\" data-end=\"1423\">Portugal estaria representado em Abu Dhabi por Vasco Vila\u00e7a, Jo\u00e3o Nuno Batista e Miguel Tiago Silva. No sector feminino, Maria Tom\u00e9 e Mariana Vargem seriam a representantes nacionais. De recordar que em Abu Dhabi Portugal participaria nas provas individuais e na prova de estafeta mista.<\/p>\n<blockquote>\n<p data-start=\"2181\" data-end=\"2592\" data-is-last-node=\"\" data-is-only-node=\"\"><em>Calend\u00e1rio:\u00a0<\/em><\/p>\n<ul>\n<li data-start=\"192\" data-end=\"314\">\n<p data-start=\"195\" data-end=\"314\"><strong data-start=\"195\" data-end=\"233\">Abu Dhabi (Emirados \u00c1rabes Unidos) + prova de estafeta a 29 de mar\u00e7o\u00a0 &#8211; ADIADA!!<\/strong><\/p>\n<\/li>\n<li data-start=\"315\" data-end=\"415\">\n<p data-start=\"318\" data-end=\"415\"><strong data-start=\"318\" data-end=\"345\">\u00a0Samarkand (Uzbequist\u00e3o)<\/strong>\u00a0 (25-26 abril)<\/p>\n<\/li>\n<li data-start=\"416\" data-end=\"506\">\n<p data-start=\"419\" data-end=\"506\"><strong data-start=\"419\" data-end=\"439\">Yokohama (Jap\u00e3o)<\/strong>\u00a0 (16 maio)<\/p>\n<\/li>\n<li data-start=\"507\" data-end=\"595\">\n<p data-start=\"510\" data-end=\"595\"><strong data-start=\"510\" data-end=\"530\">Alghero (It\u00e1lia)<\/strong>\u00a0 (3o maio) <strong>+ prova de estafeta a 31 de maio\u00a0<\/strong><\/p>\n<\/li>\n<li data-start=\"596\" data-end=\"686\">\n<p data-start=\"599\" data-end=\"686\"><strong data-start=\"599\" data-end=\"620\">Quiberon (Fran\u00e7a)<\/strong>\u00a0 (20 junho) + <strong>prova de estafeta a 21 de junho<\/strong><\/p>\n<\/li>\n<li data-start=\"687\" data-end=\"778\">\n<p data-start=\"690\" data-end=\"778\"><strong data-start=\"690\" data-end=\"713\">Hamburgo (Alemanha)<\/strong> \u2013 (11 julho) + <strong>prova de estafeta a 12 de julho (campeonato do mundo de estafetas)\u00a0<\/strong><\/p>\n<\/li>\n<li data-start=\"779\" data-end=\"873\">\n<p data-start=\"782\" data-end=\"873\"><strong data-start=\"782\" data-end=\"807\">Londres (Reino Unido)<\/strong> (25 julho)<\/p>\n<\/li>\n<li data-start=\"874\" data-end=\"962\">\n<p data-start=\"877\" data-end=\"962\"><strong data-start=\"877\" data-end=\"895\">Weihai (China)<\/strong> \u2013\u00a0 (29 agosto)<\/p>\n<\/li>\n<li data-start=\"963\" data-end=\"1067\">\n<p data-start=\"966\" data-end=\"1067\"><strong data-start=\"966\" data-end=\"1000\">Karlovy Vary (Rep\u00fablica Checa)<\/strong> \u2013\u00a0 (13 setembro)<\/p>\n<\/li>\n<li data-start=\"1068\" data-end=\"1171\">\n<p data-start=\"1072\" data-end=\"1171\"><strong data-start=\"1072\" data-end=\"1096\">Pontevedra (Espanha)<\/strong> \u2013 <strong data-start=\"1099\" data-end=\"1114\">Grand Final<\/strong> (24-27 setembro) <strong>+ prova de estafeta\u00a0<\/strong><\/p>\n<\/li>\n<\/ul>\n<\/blockquote>\n","protected":false},"excerpt":{"rendered":"<p>O arranque do mundial de triatlo, agendado para Abu Dhabi [&hellip;]<\/p>\n","protected":false},"author":16153,"featured_media":106376,"comment_status":"closed","ping_status":"closed","sticky":false,"template":"","format":"standard","meta":{"footnotes":""},"categories":[9,2],"tags":[],"_links":{"self":[{"href":"https:\/\/www.federacao-triatlo.pt\/ftp2015\/wp-json\/wp\/v2\/posts\/106374"}],"collection":[{"href":"https:\/\/www.federacao-triatlo.pt\/ftp2015\/wp-json\/wp\/v2\/posts"}],"about":[{"href":"https:\/\/www.federacao-triatlo.pt\/ftp2015\/wp-json\/wp\/v2\/types\/post"}],"author":[{"embeddable":true,"href":"https:\/\/www.federacao-triatlo.pt\/ftp2015\/wp-json\/wp\/v2\/users\/16153"}],"replies":[{"embeddable":true,"href":"https:\/\/www.federacao-triatlo.pt\/ftp2015\/wp-json\/wp\/v2\/comments?post=106374"}],"version-history":[{"count":4,"href":"https:\/\/www.federacao-triatlo.pt\/ftp2015\/wp-json\/wp\/v2\/posts\/106374\/revisions"}],"predecessor-version":[{"id":106379,"href":"https:\/\/www.federacao-triatlo.pt\/ftp2015\/wp-json\/wp\/v2\/posts\/106374\/revisions\/106379"}],"wp:featuredmedia":[{"embeddable":true,"href":"https:\/\/www.federacao-triatlo.pt\/ftp2015\/wp-json\/wp\/v2\/media\/106376"}],"wp:attachment":[{"href":"https:\/\/www.federacao-triatlo.pt\/ftp2015\/wp-json\/wp\/v2\/media?parent=106374"}],"wp:term":[{"taxonomy":"category","embeddable":true,"href":"https:\/\/www.federacao-triatlo.pt\/ftp2015\/wp-json\/wp\/v2\/categories?post=106374"},{"taxonomy":"post_tag","embeddable":true,"href":"https:\/\/www.federacao-triatlo.pt\/ftp2015\/wp-json\/wp\/v2\/tags?post=106374"}],"curies":[{"name":"wp","href":"https:\/\/api.w.org\/{rel}","templated":true}]}}