{"id":106367,"date":"2026-03-09T11:26:09","date_gmt":"2026-03-09T11:26:09","guid":{"rendered":"https:\/\/www.federacao-triatlo.pt\/ftp2015\/?p=106367"},"modified":"2026-03-09T14:28:31","modified_gmt":"2026-03-09T14:28:31","slug":"premios-europeus-2025-anabela-santos-arbitra-do-ano","status":"publish","type":"post","link":"https:\/\/www.federacao-triatlo.pt\/ftp2015\/premios-europeus-2025-anabela-santos-arbitra-do-ano\/","title":{"rendered":"Pr\u00e9mios Europeus 2025: Anabela Santos \u00e1rbitra do ano"},"content":{"rendered":"<p>Anabela Santos foi considerada \u00e1rbitra do ano 2025 para a European Triathlon Union (ETU), a Federa\u00e7\u00e3o Europeia da modalidade. O an\u00fancio foi feito este s\u00e1bado, 7 de mar\u00e7o, em Bucareste, na Rom\u00e9nia, durante a gala anual da ETU.<\/p>\n<p>Este reconhecimento assinala uma vida dedicada \u00e0 arbitragem e \u00e0 valoriza\u00e7\u00e3o da modalidade. Anabela Santos \u00e9 delegada t\u00e9cnica da World Triathlon desde 2021, liderou o Conselho de Arbitragem de Portugal entre 2016 e 2021, e foi a primeira \u00e1rbitra portuguesa a marcar presen\u00e7a em Jogos Ol\u00edmpicos, no Rio 2016.<\/p>\n","protected":false},"excerpt":{"rendered":"<p>Anabela Santos foi considerada \u00e1rbitra do ano 2025 para a [&hellip;]<\/p>\n","protected":false},"author":16153,"featured_media":106390,"comment_status":"closed","ping_status":"closed","sticky":false,"template":"","format":"standard","meta":{"footnotes":""},"categories":[2],"tags":[],"_links":{"self":[{"href":"https:\/\/www.federacao-triatlo.pt\/ftp2015\/wp-json\/wp\/v2\/posts\/106367"}],"collection":[{"href":"https:\/\/www.federacao-triatlo.pt\/ftp2015\/wp-json\/wp\/v2\/posts"}],"about":[{"href":"https:\/\/www.federacao-triatlo.pt\/ftp2015\/wp-json\/wp\/v2\/types\/post"}],"author":[{"embeddable":true,"href":"https:\/\/www.federacao-triatlo.pt\/ftp2015\/wp-json\/wp\/v2\/users\/16153"}],"replies":[{"embeddable":true,"href":"https:\/\/www.federacao-triatlo.pt\/ftp2015\/wp-json\/wp\/v2\/comments?post=106367"}],"version-history":[{"count":8,"href":"https:\/\/www.federacao-triatlo.pt\/ftp2015\/wp-json\/wp\/v2\/posts\/106367\/revisions"}],"predecessor-version":[{"id":106400,"href":"https:\/\/www.federacao-triatlo.pt\/ftp2015\/wp-json\/wp\/v2\/posts\/106367\/revisions\/106400"}],"wp:featuredmedia":[{"embeddable":true,"href":"https:\/\/www.federacao-triatlo.pt\/ftp2015\/wp-json\/wp\/v2\/media\/106390"}],"wp:attachment":[{"href":"https:\/\/www.federacao-triatlo.pt\/ftp2015\/wp-json\/wp\/v2\/media?parent=106367"}],"wp:term":[{"taxonomy":"category","embeddable":true,"href":"https:\/\/www.federacao-triatlo.pt\/ftp2015\/wp-json\/wp\/v2\/categories?post=106367"},{"taxonomy":"post_tag","embeddable":true,"href":"https:\/\/www.federacao-triatlo.pt\/ftp2015\/wp-json\/wp\/v2\/tags?post=106367"}],"curies":[{"name":"wp","href":"https:\/\/api.w.org\/{rel}","templated":true}]}}