{"id":103707,"date":"2025-08-29T09:19:40","date_gmt":"2025-08-29T08:19:40","guid":{"rendered":"https:\/\/www.federacao-triatlo.pt\/ftp2015\/?p=103707"},"modified":"2025-08-29T09:22:14","modified_gmt":"2025-08-29T08:22:14","slug":"ultima-chamada-para-o-curso-de-treinador-grau-ii-em-penafiel","status":"publish","type":"post","link":"https:\/\/www.federacao-triatlo.pt\/ftp2015\/ultima-chamada-para-o-curso-de-treinador-grau-ii-em-penafiel\/","title":{"rendered":"&#8220;\u00daltima chamada&#8221; para o Curso de treinador grau II em Penafiel"},"content":{"rendered":"<p>Terminam no pr\u00f3ximo dia 4 setembro as inscri\u00e7\u00f5es para o Curso de Treinadores de Triatlo Grau II, a decorrer em Penafiel, a partir de 9 de setembro, e nos seguintes tr\u00eas fins de semana de novembro:<\/p>\n<ul>\n<li>7, 8, 9 de novembro<\/li>\n<li>15, 16 de novembro<\/li>\n<li>22 e 23 de novembroNota: na sexta-feira, s\u00f3 existir\u00e1 uma aula entre as 18:00 e 22:00. Durante os fins de semana, come\u00e7a \u00e0s 9:00 e acaba \u00e0s 18:00, com intervalo para almo\u00e7o.<\/li>\n<\/ul>\n<p>Quanto \u00e0 Componente Geral, que \u00e9 feita online e de forma aut\u00f3noma, inicia-se a 9 de setembro, com um teste final presencial a 9 de novembro.<\/p>\n<p>\u00c9 dada equival\u00eancia \u00e0 Componente Geral a licenciados em Ci\u00eancias do Desporto ou detentores de T\u00edtulo Profissional de Treinador\/a de Desporto (m\u00ednimo Grau II) de outra modalidade.<\/p>\n<p>Mais informa\u00e7\u00f5es e inscri\u00e7\u00f5es no link:<\/p>\n<p><a href=\"https:\/\/docs.google.com\/forms\/d\/e\/1FAIpQLSeB6pHg-tFn0xT7LoH1rOHBtPHkgAyv5PhhnTgs0NdK-g2J2w\/viewform?usp=header\">https:\/\/docs.google.com\/forms\/d\/e\/1FAIpQLSeB6pHg-tFn0xT7LoH1rOHBtPHkgAyv5PhhnTgs0NdK-g2J2w\/viewform?usp=header<\/a><\/p>\n","protected":false},"excerpt":{"rendered":"<p>Terminam no pr\u00f3ximo dia 4 setembro as inscri\u00e7\u00f5es para o [&hellip;]<\/p>\n","protected":false},"author":16153,"featured_media":103473,"comment_status":"closed","ping_status":"closed","sticky":false,"template":"","format":"standard","meta":{"footnotes":""},"categories":[2],"tags":[],"_links":{"self":[{"href":"https:\/\/www.federacao-triatlo.pt\/ftp2015\/wp-json\/wp\/v2\/posts\/103707"}],"collection":[{"href":"https:\/\/www.federacao-triatlo.pt\/ftp2015\/wp-json\/wp\/v2\/posts"}],"about":[{"href":"https:\/\/www.federacao-triatlo.pt\/ftp2015\/wp-json\/wp\/v2\/types\/post"}],"author":[{"embeddable":true,"href":"https:\/\/www.federacao-triatlo.pt\/ftp2015\/wp-json\/wp\/v2\/users\/16153"}],"replies":[{"embeddable":true,"href":"https:\/\/www.federacao-triatlo.pt\/ftp2015\/wp-json\/wp\/v2\/comments?post=103707"}],"version-history":[{"count":1,"href":"https:\/\/www.federacao-triatlo.pt\/ftp2015\/wp-json\/wp\/v2\/posts\/103707\/revisions"}],"predecessor-version":[{"id":103712,"href":"https:\/\/www.federacao-triatlo.pt\/ftp2015\/wp-json\/wp\/v2\/posts\/103707\/revisions\/103712"}],"wp:featuredmedia":[{"embeddable":true,"href":"https:\/\/www.federacao-triatlo.pt\/ftp2015\/wp-json\/wp\/v2\/media\/103473"}],"wp:attachment":[{"href":"https:\/\/www.federacao-triatlo.pt\/ftp2015\/wp-json\/wp\/v2\/media?parent=103707"}],"wp:term":[{"taxonomy":"category","embeddable":true,"href":"https:\/\/www.federacao-triatlo.pt\/ftp2015\/wp-json\/wp\/v2\/categories?post=103707"},{"taxonomy":"post_tag","embeddable":true,"href":"https:\/\/www.federacao-triatlo.pt\/ftp2015\/wp-json\/wp\/v2\/tags?post=103707"}],"curies":[{"name":"wp","href":"https:\/\/api.w.org\/{rel}","templated":true}]}}