{"id":103687,"date":"2025-08-28T07:04:08","date_gmt":"2025-08-28T06:04:08","guid":{"rendered":"https:\/\/www.federacao-triatlo.pt\/ftp2015\/?p=103687"},"modified":"2025-08-27T14:59:56","modified_gmt":"2025-08-27T13:59:56","slug":"paratriatlo-alhandra-recebe-taca-do-mundo-a-6-de-setembro","status":"publish","type":"post","link":"https:\/\/www.federacao-triatlo.pt\/ftp2015\/paratriatlo-alhandra-recebe-taca-do-mundo-a-6-de-setembro\/","title":{"rendered":"Paratriatlo: Alhandra recebe Ta\u00e7a do Mundo a 6 de setembro"},"content":{"rendered":"<p data-start=\"213\" data-end=\"464\">A Ta\u00e7a do Mundo de Paratriatlo, uma das competi\u00e7\u00f5es mais prestigiadas a n\u00edvel internacional, regressa a Alhandra, no Concelho de Vila Franca de Xira, no pr\u00f3ximo dia 6 de setembro de 2025, a partir das 15h00, na zona e passeio ribeirinho.<\/p>\n<p data-start=\"213\" data-end=\"464\">Entre os nomes em destaque est\u00e1 o portugu\u00eas Filipe Marques, que representou Portugal nos Jogos Paral\u00edmpicos de Paris 2024, e que volta a competir em casa, perante o p\u00fablico nacional, na categoria PTS5.<\/p>\n<p data-start=\"466\" data-end=\"692\">O evento re\u00fane cerca de 100 atletas paral\u00edmpicos oriundos de aproximadamente 40 pa\u00edses. Estar\u00e3o em competi\u00e7\u00e3o atletas das categorias PTVI (defici\u00eancia visual), PTS (limita\u00e7\u00f5es de coordena\u00e7\u00e3o motora) e PTWC H1\/H2 \u2013 classes destinadas a atletas com limita\u00e7\u00f5es nas pernas, no tronco e, em alguns casos, tamb\u00e9m nos bra\u00e7os, que competem em cadeiras de rodas adaptadas.<\/p>\n<p data-start=\"466\" data-end=\"692\">A Ta\u00e7a do Mundo em Alhandra integra o calend\u00e1rio oficial da World Triathlon e pontua para o ranking mundial. Para al\u00e9m da vertente competitiva, o evento representa tamb\u00e9m uma oportunidade de sensibiliza\u00e7\u00e3o e valoriza\u00e7\u00e3o do desporto inclusivo.<\/p>\n<p data-start=\"1179\" data-end=\"1488\">A organiza\u00e7\u00e3o da prova \u00e9 assegurada pela Federa\u00e7\u00e3o de Triatlo de Portugal, em parceria com C\u00e2mara Municipal de Vila Franca de Xira e o Alhandra Sporting Club. Para a autarquia, este regresso confirma o papel estrat\u00e9gico do concelho na organiza\u00e7\u00e3o de grandes eventos desportivos internacionais.<\/p>\n<p data-start=\"1179\" data-end=\"1488\">\n","protected":false},"excerpt":{"rendered":"<p>A Ta\u00e7a do Mundo de Paratriatlo, uma das competi\u00e7\u00f5es mais [&hellip;]<\/p>\n","protected":false},"author":16153,"featured_media":103690,"comment_status":"closed","ping_status":"closed","sticky":false,"template":"","format":"standard","meta":{"footnotes":""},"categories":[2],"tags":[],"_links":{"self":[{"href":"https:\/\/www.federacao-triatlo.pt\/ftp2015\/wp-json\/wp\/v2\/posts\/103687"}],"collection":[{"href":"https:\/\/www.federacao-triatlo.pt\/ftp2015\/wp-json\/wp\/v2\/posts"}],"about":[{"href":"https:\/\/www.federacao-triatlo.pt\/ftp2015\/wp-json\/wp\/v2\/types\/post"}],"author":[{"embeddable":true,"href":"https:\/\/www.federacao-triatlo.pt\/ftp2015\/wp-json\/wp\/v2\/users\/16153"}],"replies":[{"embeddable":true,"href":"https:\/\/www.federacao-triatlo.pt\/ftp2015\/wp-json\/wp\/v2\/comments?post=103687"}],"version-history":[{"count":3,"href":"https:\/\/www.federacao-triatlo.pt\/ftp2015\/wp-json\/wp\/v2\/posts\/103687\/revisions"}],"predecessor-version":[{"id":103691,"href":"https:\/\/www.federacao-triatlo.pt\/ftp2015\/wp-json\/wp\/v2\/posts\/103687\/revisions\/103691"}],"wp:featuredmedia":[{"embeddable":true,"href":"https:\/\/www.federacao-triatlo.pt\/ftp2015\/wp-json\/wp\/v2\/media\/103690"}],"wp:attachment":[{"href":"https:\/\/www.federacao-triatlo.pt\/ftp2015\/wp-json\/wp\/v2\/media?parent=103687"}],"wp:term":[{"taxonomy":"category","embeddable":true,"href":"https:\/\/www.federacao-triatlo.pt\/ftp2015\/wp-json\/wp\/v2\/categories?post=103687"},{"taxonomy":"post_tag","embeddable":true,"href":"https:\/\/www.federacao-triatlo.pt\/ftp2015\/wp-json\/wp\/v2\/tags?post=103687"}],"curies":[{"name":"wp","href":"https:\/\/api.w.org\/{rel}","templated":true}]}}