{"id":103662,"date":"2025-08-26T11:48:38","date_gmt":"2025-08-26T10:48:38","guid":{"rendered":"https:\/\/www.federacao-triatlo.pt\/ftp2015\/?p=103662"},"modified":"2025-08-26T11:51:59","modified_gmt":"2025-08-26T10:51:59","slug":"mundial-batista-e-vilaca-chegam-a-franca-no-top5","status":"publish","type":"post","link":"https:\/\/www.federacao-triatlo.pt\/ftp2015\/mundial-batista-e-vilaca-chegam-a-franca-no-top5\/","title":{"rendered":"Mundial: Batista e Vila\u00e7a chegam a Fran\u00e7a no TOP-5"},"content":{"rendered":"<p data-start=\"147\" data-end=\"467\">Ricardo Batista e Vasco Vila\u00e7a chegam \u00e0 quinta etapa do Mundial de Triatlo (WTCS 2025), que decorre este fim de semana (31 de agosto &#8211; domingo) na Riviera Francesa (Saint-Rapha\u00ebl \u2013 Fr\u00e9jus), entre os cinco primeiros do ranking mundial. Uma classifica\u00e7\u00e3o que \u00e9 liderada pelo australiano Matthew Hauser.<\/p>\n<p data-start=\"469\" data-end=\"627\">A etapa francesa marca a estreia desta regi\u00e3o no circuito WTCS e promete ser decisiva na luta pelos pontos.<\/p>\n<p data-start=\"629\" data-end=\"729\">Depois da Riviera Francesa, o circuito mundial prossegue com tr\u00eas etapas at\u00e9 ao desfecho da \u00e9poca:<\/p>\n<ul data-start=\"730\" data-end=\"893\">\n<li data-start=\"730\" data-end=\"785\">\n<p data-start=\"732\" data-end=\"785\"><strong data-start=\"732\" data-end=\"766\">Karlovy Vary (Rep\u00fablica Checa)<\/strong> \u2013 14 de setembro<\/p>\n<\/li>\n<li data-start=\"786\" data-end=\"825\">\n<p data-start=\"788\" data-end=\"825\"><strong data-start=\"788\" data-end=\"806\">Weihai (China)<\/strong> \u2013 26 de setembro<\/p>\n<\/li>\n<li data-start=\"826\" data-end=\"893\">\n<p data-start=\"828\" data-end=\"893\"><strong data-start=\"828\" data-end=\"870\">Grande Final em Wollongong (Austr\u00e1lia)<\/strong> \u2013 15 a 19 de outubro<\/p>\n<\/li>\n<\/ul>\n<p data-start=\"895\" data-end=\"1026\">A prova francesa tem in\u00edcio \u00e0s 13h45 (hora portuguesa), no pr\u00f3ximo domingo (31 de agosto), com transmiss\u00e3o na Triathlon live.<\/p>\n","protected":false},"excerpt":{"rendered":"<p>Ricardo Batista e Vasco Vila\u00e7a chegam \u00e0 quinta etapa do [&hellip;]<\/p>\n","protected":false},"author":16153,"featured_media":103665,"comment_status":"closed","ping_status":"closed","sticky":false,"template":"","format":"standard","meta":{"footnotes":""},"categories":[9,2],"tags":[],"_links":{"self":[{"href":"https:\/\/www.federacao-triatlo.pt\/ftp2015\/wp-json\/wp\/v2\/posts\/103662"}],"collection":[{"href":"https:\/\/www.federacao-triatlo.pt\/ftp2015\/wp-json\/wp\/v2\/posts"}],"about":[{"href":"https:\/\/www.federacao-triatlo.pt\/ftp2015\/wp-json\/wp\/v2\/types\/post"}],"author":[{"embeddable":true,"href":"https:\/\/www.federacao-triatlo.pt\/ftp2015\/wp-json\/wp\/v2\/users\/16153"}],"replies":[{"embeddable":true,"href":"https:\/\/www.federacao-triatlo.pt\/ftp2015\/wp-json\/wp\/v2\/comments?post=103662"}],"version-history":[{"count":2,"href":"https:\/\/www.federacao-triatlo.pt\/ftp2015\/wp-json\/wp\/v2\/posts\/103662\/revisions"}],"predecessor-version":[{"id":103666,"href":"https:\/\/www.federacao-triatlo.pt\/ftp2015\/wp-json\/wp\/v2\/posts\/103662\/revisions\/103666"}],"wp:featuredmedia":[{"embeddable":true,"href":"https:\/\/www.federacao-triatlo.pt\/ftp2015\/wp-json\/wp\/v2\/media\/103665"}],"wp:attachment":[{"href":"https:\/\/www.federacao-triatlo.pt\/ftp2015\/wp-json\/wp\/v2\/media?parent=103662"}],"wp:term":[{"taxonomy":"category","embeddable":true,"href":"https:\/\/www.federacao-triatlo.pt\/ftp2015\/wp-json\/wp\/v2\/categories?post=103662"},{"taxonomy":"post_tag","embeddable":true,"href":"https:\/\/www.federacao-triatlo.pt\/ftp2015\/wp-json\/wp\/v2\/tags?post=103662"}],"curies":[{"name":"wp","href":"https:\/\/api.w.org\/{rel}","templated":true}]}}