{"id":103547,"date":"2025-08-03T18:44:56","date_gmt":"2025-08-03T17:44:56","guid":{"rendered":"https:\/\/www.federacao-triatlo.pt\/ftp2015\/?p=103547"},"modified":"2025-08-04T11:19:19","modified_gmt":"2025-08-04T10:19:19","slug":"quiz-de-verao-madalena-almeida-recusa-passar-ferias-com-o-treinador","status":"publish","type":"post","link":"https:\/\/www.federacao-triatlo.pt\/ftp2015\/quiz-de-verao-madalena-almeida-recusa-passar-ferias-com-o-treinador\/","title":{"rendered":"Quiz de ver\u00e3o: Madalena Almeida recusa passar f\u00e9rias com o treinador"},"content":{"rendered":"<p>Continuamos a aproveitar\u00a0 o ver\u00e3o e as f\u00e9rias para conhecermos um pouco melhor os triatletas da nossa sele\u00e7\u00e3o. A <strong>Mandalena Almeida<\/strong> aceitou o desafio de responder ao nosso question\u00e1rio de ver\u00e3o.<\/p>\n<p>Qual \u00e9 praia que n\u00e3o trocas por nada neste mundo?<br \/>\n<strong>&#8211; Praia do sul, Ericeira<\/strong><\/p>\n<p>Como seria o jantar de ver\u00e3o perfeito?<br \/>\n<strong>&#8211; Sushi numa esplanada com o meu grupo de amigos<\/strong><\/p>\n<p>Com quem recusarias passar f\u00e9rias? Porqu\u00ea?<br \/>\n<strong>&#8211; Com o Jorge Canuto (meu treinador) porque n\u00e3o quero treinar nas f\u00e9rias<\/strong><\/p>\n<p>Que m\u00fasica toca enquanto relaxas ao sol?<br \/>\n<strong>&#8211; Lu\u00edsa Sonza, Sagrado Profano<\/strong><\/p>\n<p>Quem convidarias para um treino de nata\u00e7\u00e3o numa manh\u00e3 de ver\u00e3o?<br \/>\n<strong>&#8211; O meu pai porque adora nadar no mar e \u00e9 boa companhia<\/strong><\/p>\n<p>O que te faria voltar a casa se j\u00e1 estivesses no aeroporto?<br \/>\n<strong>&#8211; O telem\u00f3vel<\/strong><\/p>\n<p>O que beberias num sunset no Havai e com quem?<\/p>\n<p><strong>&#8211;\u00a0Uma somersby com a minha irm\u00e3<\/strong><\/p>\n<p>Se tivesses de desligar o telem\u00f3vel por uma semana, onde querias estar?<\/p>\n<p><strong>&#8211; Algures num s\u00edtio com praia e amigos<\/strong><\/p>\n<p>Qual \u00e9 o teu sabor de gelado p\u00f3s-treino?<br \/>\n<strong>&#8211; Avel\u00e3 e lim\u00e3o<\/strong><\/p>\n<p>Que triatleta incluirias num kit de sobreviv\u00eancia para uma ilha deserta?<br \/>\n<strong>&#8211; Matthew Hauser porque \u00e9 alto e faz sombra, e calculo que saiba lidar com animais perigosos.<\/strong><\/p>\n","protected":false},"excerpt":{"rendered":"<p>Continuamos a aproveitar\u00a0 o ver\u00e3o e as f\u00e9rias para conhecermos [&hellip;]<\/p>\n","protected":false},"author":16153,"featured_media":103549,"comment_status":"closed","ping_status":"closed","sticky":false,"template":"","format":"standard","meta":{"footnotes":""},"categories":[2],"tags":[],"_links":{"self":[{"href":"https:\/\/www.federacao-triatlo.pt\/ftp2015\/wp-json\/wp\/v2\/posts\/103547"}],"collection":[{"href":"https:\/\/www.federacao-triatlo.pt\/ftp2015\/wp-json\/wp\/v2\/posts"}],"about":[{"href":"https:\/\/www.federacao-triatlo.pt\/ftp2015\/wp-json\/wp\/v2\/types\/post"}],"author":[{"embeddable":true,"href":"https:\/\/www.federacao-triatlo.pt\/ftp2015\/wp-json\/wp\/v2\/users\/16153"}],"replies":[{"embeddable":true,"href":"https:\/\/www.federacao-triatlo.pt\/ftp2015\/wp-json\/wp\/v2\/comments?post=103547"}],"version-history":[{"count":3,"href":"https:\/\/www.federacao-triatlo.pt\/ftp2015\/wp-json\/wp\/v2\/posts\/103547\/revisions"}],"predecessor-version":[{"id":103572,"href":"https:\/\/www.federacao-triatlo.pt\/ftp2015\/wp-json\/wp\/v2\/posts\/103547\/revisions\/103572"}],"wp:featuredmedia":[{"embeddable":true,"href":"https:\/\/www.federacao-triatlo.pt\/ftp2015\/wp-json\/wp\/v2\/media\/103549"}],"wp:attachment":[{"href":"https:\/\/www.federacao-triatlo.pt\/ftp2015\/wp-json\/wp\/v2\/media?parent=103547"}],"wp:term":[{"taxonomy":"category","embeddable":true,"href":"https:\/\/www.federacao-triatlo.pt\/ftp2015\/wp-json\/wp\/v2\/categories?post=103547"},{"taxonomy":"post_tag","embeddable":true,"href":"https:\/\/www.federacao-triatlo.pt\/ftp2015\/wp-json\/wp\/v2\/tags?post=103547"}],"curies":[{"name":"wp","href":"https:\/\/api.w.org\/{rel}","templated":true}]}}