{"id":103513,"date":"2025-07-31T09:07:57","date_gmt":"2025-07-31T08:07:57","guid":{"rendered":"https:\/\/www.federacao-triatlo.pt\/ftp2015\/?p=103513"},"modified":"2025-07-31T18:06:53","modified_gmt":"2025-07-31T17:06:53","slug":"quizz-de-verao-mariana-vargem-inclui-diogo-tome-no-kit-de-sobrevivencia","status":"publish","type":"post","link":"https:\/\/www.federacao-triatlo.pt\/ftp2015\/quizz-de-verao-mariana-vargem-inclui-diogo-tome-no-kit-de-sobrevivencia\/","title":{"rendered":"Quiz de Ver\u00e3o: Mariana Vargem inclui Diogo Tom\u00e9 no kit de sobreviv\u00eancia"},"content":{"rendered":"<p>Aproveitamos o ver\u00e3o e as f\u00e9rias para conhecermos um pouco melhor os triatletas da nossa sele\u00e7\u00e3o. <strong>Mariana Vargem<\/strong> aceitou o desafio de responder ao nosso question\u00e1rio de ver\u00e3o.<\/p>\n<p><strong>Qual \u00e9 praia que n\u00e3o trocas por nada neste mundo?<\/strong><br \/>\n\u2022\u2060\u00a0 \u2060Praia do Porto Santo<\/p>\n<p><strong>Como seria o jantar de ver\u00e3o perfeito?<\/strong><br \/>\n\u2022\u2060\u00a0 \u2060Pizza na praia a ver o sunset.<\/p>\n<p><strong>Com quem recusarias passar f\u00e9rias? Porqu\u00ea?<\/strong><br \/>\nCom uma pessoa que eu n\u00e3o goste, porque as f\u00e9rias s\u00e3o para relaxar.<\/p>\n<p><strong>Que m\u00fasica toca enquanto relaxas ao sol?<\/strong><br \/>\n\u2022\u2060\u00a0 \u2060Down under<\/p>\n<p><strong>Quem convidarias para um treino de nata\u00e7\u00e3o numa manh\u00e3 de ver\u00e3o?<\/strong><br \/>\n\u2022\u2060\u00a0 \u2060Ana Ramos, In\u00eas Oliveira e Diogo Tom\u00e9<\/p>\n<p><strong>O que te faria voltar a casa se j\u00e1 estivesses no aeroporto?<\/strong><br \/>\n\u2022\u2060\u00a0 \u2060Ter me esquecido do passaporte<\/p>\n<p><strong>O que beberias num sunset no Havai e com quem?<\/strong><br \/>\n\u2022\u2060\u00a0 \u2060Cerveja Kona com o Diogo Tom\u00e9<\/p>\n<p><strong>Se tivesses de desligar o telem\u00f3vel por uma semana, onde querias estar?<\/strong><br \/>\n\u2022\u2060\u00a0 \u2060Alpes Su\u00ed\u00e7os para pedalar e esquiar<\/p>\n<p><strong>Qual \u00e9 o teu sabor de gelado p\u00f3s-treino?<\/strong><br \/>\n\u2022\u2060\u00a0 \u2060Gelado de menta<\/p>\n<p><strong>Que triatleta incluirias num kit de sobreviv\u00eancia para uma ilha deserta?<\/strong><br \/>\n\u2022\u2060\u00a0 \u2060Diogo Tom\u00e9 sabe fazer uma fogueira<\/p>\n","protected":false},"excerpt":{"rendered":"<p>Aproveitamos o ver\u00e3o e as f\u00e9rias para conhecermos um pouco [&hellip;]<\/p>\n","protected":false},"author":16153,"featured_media":103514,"comment_status":"closed","ping_status":"closed","sticky":false,"template":"","format":"standard","meta":{"footnotes":""},"categories":[2],"tags":[],"_links":{"self":[{"href":"https:\/\/www.federacao-triatlo.pt\/ftp2015\/wp-json\/wp\/v2\/posts\/103513"}],"collection":[{"href":"https:\/\/www.federacao-triatlo.pt\/ftp2015\/wp-json\/wp\/v2\/posts"}],"about":[{"href":"https:\/\/www.federacao-triatlo.pt\/ftp2015\/wp-json\/wp\/v2\/types\/post"}],"author":[{"embeddable":true,"href":"https:\/\/www.federacao-triatlo.pt\/ftp2015\/wp-json\/wp\/v2\/users\/16153"}],"replies":[{"embeddable":true,"href":"https:\/\/www.federacao-triatlo.pt\/ftp2015\/wp-json\/wp\/v2\/comments?post=103513"}],"version-history":[{"count":6,"href":"https:\/\/www.federacao-triatlo.pt\/ftp2015\/wp-json\/wp\/v2\/posts\/103513\/revisions"}],"predecessor-version":[{"id":103544,"href":"https:\/\/www.federacao-triatlo.pt\/ftp2015\/wp-json\/wp\/v2\/posts\/103513\/revisions\/103544"}],"wp:featuredmedia":[{"embeddable":true,"href":"https:\/\/www.federacao-triatlo.pt\/ftp2015\/wp-json\/wp\/v2\/media\/103514"}],"wp:attachment":[{"href":"https:\/\/www.federacao-triatlo.pt\/ftp2015\/wp-json\/wp\/v2\/media?parent=103513"}],"wp:term":[{"taxonomy":"category","embeddable":true,"href":"https:\/\/www.federacao-triatlo.pt\/ftp2015\/wp-json\/wp\/v2\/categories?post=103513"},{"taxonomy":"post_tag","embeddable":true,"href":"https:\/\/www.federacao-triatlo.pt\/ftp2015\/wp-json\/wp\/v2\/tags?post=103513"}],"curies":[{"name":"wp","href":"https:\/\/api.w.org\/{rel}","templated":true}]}}