{"id":103497,"date":"2025-07-28T13:28:24","date_gmt":"2025-07-28T12:28:24","guid":{"rendered":"https:\/\/www.federacao-triatlo.pt\/ftp2015\/?p=103497"},"modified":"2025-07-28T13:31:17","modified_gmt":"2025-07-28T12:31:17","slug":"duatlo-hugo-figueiredo-representa-portugal-nos-jogos-mundiais","status":"publish","type":"post","link":"https:\/\/www.federacao-triatlo.pt\/ftp2015\/duatlo-hugo-figueiredo-representa-portugal-nos-jogos-mundiais\/","title":{"rendered":"Duatlo: Hugo Figueiredo representa Portugal nos Jogos Mundiais"},"content":{"rendered":"<p>O atleta Hugo Figueiredo ser\u00e1 o representante nacional na modalidade de Duatlo nos Jogos Mundiais de 2025. A prova realiza-se no dia 14 de agosto junto ao Xinglong Lake, em <strong>Chengdu,<\/strong> na <strong>China.<\/strong><\/p>\n<p><em>\u201cVai ser um orgulho representar Portugal numa competi\u00e7\u00e3o desta dimens\u00e3o e poder viver uma experi\u00eancia diferente num evento com mais 4.000 atletas de todo o mundo\u201d,<\/em> escreveu Hugo Figueiredo nas redes sociais ap\u00f3s a confirma\u00e7\u00e3o oficial da sua participa\u00e7\u00e3o.<\/p>\n<p>Realizados de quatro em quatro anos, os Jogos Mundiais re\u00fanem v\u00e1rias modalidades que n\u00e3o integram o programa ol\u00edmpico. A edi\u00e7\u00e3o de 2025 realiza-se entre os dias 7 e 17 de agosto, em Chengdu, e contar\u00e1 com cerca de 4.500 atletas em representa\u00e7\u00e3o de mais de 100 pa\u00edses e 34 modalidades, incluindo desportos como o kickboxing, parkour, escalada, frisbee, dan\u00e7a desportiva, entre outros.<\/p>\n","protected":false},"excerpt":{"rendered":"<p>O atleta Hugo Figueiredo ser\u00e1 o representante nacional na modalidade [&hellip;]<\/p>\n","protected":false},"author":16153,"featured_media":103498,"comment_status":"closed","ping_status":"closed","sticky":false,"template":"","format":"standard","meta":{"footnotes":""},"categories":[2],"tags":[],"_links":{"self":[{"href":"https:\/\/www.federacao-triatlo.pt\/ftp2015\/wp-json\/wp\/v2\/posts\/103497"}],"collection":[{"href":"https:\/\/www.federacao-triatlo.pt\/ftp2015\/wp-json\/wp\/v2\/posts"}],"about":[{"href":"https:\/\/www.federacao-triatlo.pt\/ftp2015\/wp-json\/wp\/v2\/types\/post"}],"author":[{"embeddable":true,"href":"https:\/\/www.federacao-triatlo.pt\/ftp2015\/wp-json\/wp\/v2\/users\/16153"}],"replies":[{"embeddable":true,"href":"https:\/\/www.federacao-triatlo.pt\/ftp2015\/wp-json\/wp\/v2\/comments?post=103497"}],"version-history":[{"count":2,"href":"https:\/\/www.federacao-triatlo.pt\/ftp2015\/wp-json\/wp\/v2\/posts\/103497\/revisions"}],"predecessor-version":[{"id":103500,"href":"https:\/\/www.federacao-triatlo.pt\/ftp2015\/wp-json\/wp\/v2\/posts\/103497\/revisions\/103500"}],"wp:featuredmedia":[{"embeddable":true,"href":"https:\/\/www.federacao-triatlo.pt\/ftp2015\/wp-json\/wp\/v2\/media\/103498"}],"wp:attachment":[{"href":"https:\/\/www.federacao-triatlo.pt\/ftp2015\/wp-json\/wp\/v2\/media?parent=103497"}],"wp:term":[{"taxonomy":"category","embeddable":true,"href":"https:\/\/www.federacao-triatlo.pt\/ftp2015\/wp-json\/wp\/v2\/categories?post=103497"},{"taxonomy":"post_tag","embeddable":true,"href":"https:\/\/www.federacao-triatlo.pt\/ftp2015\/wp-json\/wp\/v2\/tags?post=103497"}],"curies":[{"name":"wp","href":"https:\/\/api.w.org\/{rel}","templated":true}]}}