{"id":103463,"date":"2025-07-21T12:40:48","date_gmt":"2025-07-21T11:40:48","guid":{"rendered":"https:\/\/www.federacao-triatlo.pt\/ftp2015\/?p=103463"},"modified":"2025-07-25T12:14:00","modified_gmt":"2025-07-25T11:14:00","slug":"cross-amiciclo-e-sfraa-campeoes-nacionais-de-clubes","status":"publish","type":"post","link":"https:\/\/www.federacao-triatlo.pt\/ftp2015\/cross-amiciclo-e-sfraa-campeoes-nacionais-de-clubes\/","title":{"rendered":"CROSS: AMICICLO e SFRAA campe\u00f5es nacionais de clubes"},"content":{"rendered":"<p>O AMICICLO de Gr\u00e2ndola, no sector masculino, e o SFRAA Triatlo, entre as mulheres, s\u00e3o os novos campe\u00f5es nacionais de clubes de cross. Os t\u00edtulos foram garantidos durante o Triatlo Cross de Fornos de Algodres, onde Jo\u00e3o Ferreira e Ana Est\u00e9vez foram os mais r\u00e1pidos.<\/p>\n<p>No sector masculino, os homens de Gr\u00e2ndola que entraram para a terceira e \u00faltima prova do nacional em segundo lugar, conseguiram superar o Outsystems Ol\u00edmpico de Oeiras e garantiram o t\u00edtulo nacional. O AMICICLO venceu o Triatlo de Fornos de Algodres, enquanto o Vasco de Gama de Sines terminou na segunda posi\u00e7\u00e3o. O Outystems Ol\u00edmpico fechou o p\u00f3dio da prova, mas garantiu o t\u00edtulo de vice-campe\u00e3o nacional de clubes de cross.\u00a0No sector feminino, o SFRAA confirmou o favoritismo e recuperou o t\u00edtulo nacional que tinha perdido em 2024.<\/p>\n<p>E termos individuais, Jo\u00e3o Ferreira (Pedrog\u00e3o Triatlo) e Ana Est\u00e9vez (Vasco da Gama de Sines).<\/p>\n<p>Todos os resultados aqui:<\/p>\n<div class=\"video-shortcode\">\n<blockquote class=\"wp-embedded-content\" data-secret=\"aBYM6udCTV\"><p><a href=\"https:\/\/www.federacao-triatlo.pt\/ftp2015\/competicoes\/resultados\/resultados-2025\/iii-triatlo-cross-de-fornos-de-algodres-resultados\/\">III Triatlo Cross de Fornos de Algodres &#8211; Resultados<\/a><\/p><\/blockquote>\n<p><iframe class=\"wp-embedded-content\" sandbox=\"allow-scripts\" security=\"restricted\" style=\"position: absolute; clip: rect(1px, 1px, 1px, 1px);\" title=\"&#8220;III Triatlo Cross de Fornos de Algodres &#8211; Resultados&#8221; &#8212; Federa\u00e7\u00e3o de Triatlo de Portugal\" src=\"https:\/\/www.federacao-triatlo.pt\/ftp2015\/competicoes\/resultados\/resultados-2025\/iii-triatlo-cross-de-fornos-de-algodres-resultados\/embed\/#?secret=REkjauw4Bl#?secret=aBYM6udCTV\" data-secret=\"aBYM6udCTV\" width=\"600\" height=\"338\" frameborder=\"0\" marginwidth=\"0\" marginheight=\"0\" scrolling=\"no\"><\/iframe><\/div>\n<p>&nbsp;<\/p>\n","protected":false},"excerpt":{"rendered":"<p>O AMICICLO de Gr\u00e2ndola, no sector masculino, e o SFRAA [&hellip;]<\/p>\n","protected":false},"author":16153,"featured_media":103465,"comment_status":"closed","ping_status":"closed","sticky":false,"template":"","format":"standard","meta":{"footnotes":""},"categories":[2],"tags":[],"_links":{"self":[{"href":"https:\/\/www.federacao-triatlo.pt\/ftp2015\/wp-json\/wp\/v2\/posts\/103463"}],"collection":[{"href":"https:\/\/www.federacao-triatlo.pt\/ftp2015\/wp-json\/wp\/v2\/posts"}],"about":[{"href":"https:\/\/www.federacao-triatlo.pt\/ftp2015\/wp-json\/wp\/v2\/types\/post"}],"author":[{"embeddable":true,"href":"https:\/\/www.federacao-triatlo.pt\/ftp2015\/wp-json\/wp\/v2\/users\/16153"}],"replies":[{"embeddable":true,"href":"https:\/\/www.federacao-triatlo.pt\/ftp2015\/wp-json\/wp\/v2\/comments?post=103463"}],"version-history":[{"count":2,"href":"https:\/\/www.federacao-triatlo.pt\/ftp2015\/wp-json\/wp\/v2\/posts\/103463\/revisions"}],"predecessor-version":[{"id":103468,"href":"https:\/\/www.federacao-triatlo.pt\/ftp2015\/wp-json\/wp\/v2\/posts\/103463\/revisions\/103468"}],"wp:featuredmedia":[{"embeddable":true,"href":"https:\/\/www.federacao-triatlo.pt\/ftp2015\/wp-json\/wp\/v2\/media\/103465"}],"wp:attachment":[{"href":"https:\/\/www.federacao-triatlo.pt\/ftp2015\/wp-json\/wp\/v2\/media?parent=103463"}],"wp:term":[{"taxonomy":"category","embeddable":true,"href":"https:\/\/www.federacao-triatlo.pt\/ftp2015\/wp-json\/wp\/v2\/categories?post=103463"},{"taxonomy":"post_tag","embeddable":true,"href":"https:\/\/www.federacao-triatlo.pt\/ftp2015\/wp-json\/wp\/v2\/tags?post=103463"}],"curies":[{"name":"wp","href":"https:\/\/api.w.org\/{rel}","templated":true}]}}