{"id":103396,"date":"2025-07-14T13:53:40","date_gmt":"2025-07-14T12:53:40","guid":{"rendered":"https:\/\/www.federacao-triatlo.pt\/ftp2015\/?p=103396"},"modified":"2025-07-31T17:42:18","modified_gmt":"2025-07-31T16:42:18","slug":"taca-portugal-cnatril-e-sporting-cp-vencem-rios-ibericos","status":"publish","type":"post","link":"https:\/\/www.federacao-triatlo.pt\/ftp2015\/taca-portugal-cnatril-e-sporting-cp-vencem-rios-ibericos\/","title":{"rendered":"Ta\u00e7a Portugal: CNATRIL e Sporting CP vencem Rios Ib\u00e9ricos"},"content":{"rendered":"<p>O<strong> CNATRIL<\/strong>, no sector feminino, e o<strong> Sporting Clube de Portugal<\/strong>, no masculino, foram os vencedores do Triatlo Rios Ib\u00e9ricos, a contar para a Ta\u00e7a de Portugal. Raquel Rocha e Jo\u00e3o Vaz foram os mais r\u00e1pidos.<\/p>\n<p data-start=\"432\" data-end=\"805\">No setor masculino, o grande destaque foi para o <strong data-start=\"485\" data-end=\"515\">Sporting Clube de Portugal <\/strong>\u00a0que conquistou o primeiro lugar coletivo, impulsionado pela vit\u00f3ria individual de <strong data-start=\"599\" data-end=\"611\">Jo\u00e3o Vaz<\/strong>. O atleta leonino foi decisivo para garantir que os verdes de Alvalade passam para a frente da classifica\u00e7\u00e3o provis\u00f3ria da Ta\u00e7a de Portugal.<\/p>\n<p data-start=\"807\" data-end=\"1101\">Em segundo lugar ficou o <strong data-start=\"832\" data-end=\"865\">Outsystems Ol\u00edmpico de Oeiras<\/strong>, com uma presta\u00e7\u00e3o equilibrada e competitiva, mantendo-se como um dos habituais protagonistas da Ta\u00e7a. O p\u00f3dio coletivo foi fechado pelo <strong data-start=\"1003\" data-end=\"1029\">Vasco da Gama de Sines <\/strong>que voltou a demonstrar a crescente solidez da sua forma\u00e7\u00e3o masculina.<\/p>\n<p data-start=\"807\" data-end=\"1101\">Entre as as mulheres, a vit\u00f3ria de Raquel Rocha foi um impulso consider\u00e1vel para garantir a vit\u00f3ria do <strong>CNATRIL.<\/strong> Com mais um segundo lugar, o <strong>Sporting Clube de Portugal<\/strong> conseguiu manter a lideran\u00e7a na competi\u00e7\u00e3o, enquanto o <strong>Alhandra SC<\/strong> fechou o p\u00f3dio.<\/p>\n<p data-start=\"807\" data-end=\"1101\">A pr\u00f3xima etapa da Ta\u00e7a de Portugal est\u00e1 agendada para S\u00e3o Martinho do Porto, dia 20 de Setembro.<\/p>\n","protected":false},"excerpt":{"rendered":"<p>O CNATRIL, no sector feminino, e o Sporting Clube de [&hellip;]<\/p>\n","protected":false},"author":16153,"featured_media":103397,"comment_status":"closed","ping_status":"closed","sticky":false,"template":"","format":"standard","meta":{"footnotes":""},"categories":[2],"tags":[],"_links":{"self":[{"href":"https:\/\/www.federacao-triatlo.pt\/ftp2015\/wp-json\/wp\/v2\/posts\/103396"}],"collection":[{"href":"https:\/\/www.federacao-triatlo.pt\/ftp2015\/wp-json\/wp\/v2\/posts"}],"about":[{"href":"https:\/\/www.federacao-triatlo.pt\/ftp2015\/wp-json\/wp\/v2\/types\/post"}],"author":[{"embeddable":true,"href":"https:\/\/www.federacao-triatlo.pt\/ftp2015\/wp-json\/wp\/v2\/users\/16153"}],"replies":[{"embeddable":true,"href":"https:\/\/www.federacao-triatlo.pt\/ftp2015\/wp-json\/wp\/v2\/comments?post=103396"}],"version-history":[{"count":1,"href":"https:\/\/www.federacao-triatlo.pt\/ftp2015\/wp-json\/wp\/v2\/posts\/103396\/revisions"}],"predecessor-version":[{"id":103399,"href":"https:\/\/www.federacao-triatlo.pt\/ftp2015\/wp-json\/wp\/v2\/posts\/103396\/revisions\/103399"}],"wp:featuredmedia":[{"embeddable":true,"href":"https:\/\/www.federacao-triatlo.pt\/ftp2015\/wp-json\/wp\/v2\/media\/103397"}],"wp:attachment":[{"href":"https:\/\/www.federacao-triatlo.pt\/ftp2015\/wp-json\/wp\/v2\/media?parent=103396"}],"wp:term":[{"taxonomy":"category","embeddable":true,"href":"https:\/\/www.federacao-triatlo.pt\/ftp2015\/wp-json\/wp\/v2\/categories?post=103396"},{"taxonomy":"post_tag","embeddable":true,"href":"https:\/\/www.federacao-triatlo.pt\/ftp2015\/wp-json\/wp\/v2\/tags?post=103396"}],"curies":[{"name":"wp","href":"https:\/\/api.w.org\/{rel}","templated":true}]}}