{"id":103328,"date":"2025-07-07T13:02:48","date_gmt":"2025-07-07T12:02:48","guid":{"rendered":"https:\/\/www.federacao-triatlo.pt\/ftp2015\/?p=103328"},"modified":"2025-07-18T17:33:40","modified_gmt":"2025-07-18T16:33:40","slug":"nacional-jovem-mais-de-500-triatletas-fizeram-a-festa-na-amora","status":"publish","type":"post","link":"https:\/\/www.federacao-triatlo.pt\/ftp2015\/nacional-jovem-mais-de-500-triatletas-fizeram-a-festa-na-amora\/","title":{"rendered":"Nacional Jovem: Mais de 500 triatletas fizeram a festa na Amora"},"content":{"rendered":"<p>Foram mais de 500 o triatletas que participaram no Nacional Jovem realizado, no passado domingo (6 de julho), na Amora.<\/p>\n<p>Numa tarde de grande festa, 38 clubes de triatlo, de todos os cantos do pa\u00eds, responderam \u00e0 chamada e contribu\u00edram para que ficasse claro que o futuro da modalidade est\u00e1 garantido. Cinco centenas de crian\u00e7as e jovens, dos escal\u00f5es de benjamins, infantis, iniciados e juvenis, ajudaram a dar cor e energia a mais um nacional.<\/p>\n<p>Nestas idades, os resultados s\u00e3o apenas detalhes. Ainda assim, a Associa\u00e7\u00e3o Naval Amorense foi o clube que somou maior n\u00famero de pontos, seguida pela Casa do Benfica do Entroncamento e pela equipa do Pedrog\u00e3o Triatlo\/CFDLP &#8211; Torres Novas.<\/p>\n<p>&nbsp;<\/p>\n","protected":false},"excerpt":{"rendered":"<p>Foram mais de 500 o triatletas que participaram no Nacional [&hellip;]<\/p>\n","protected":false},"author":16153,"featured_media":103329,"comment_status":"closed","ping_status":"closed","sticky":false,"template":"","format":"standard","meta":{"footnotes":""},"categories":[2],"tags":[],"_links":{"self":[{"href":"https:\/\/www.federacao-triatlo.pt\/ftp2015\/wp-json\/wp\/v2\/posts\/103328"}],"collection":[{"href":"https:\/\/www.federacao-triatlo.pt\/ftp2015\/wp-json\/wp\/v2\/posts"}],"about":[{"href":"https:\/\/www.federacao-triatlo.pt\/ftp2015\/wp-json\/wp\/v2\/types\/post"}],"author":[{"embeddable":true,"href":"https:\/\/www.federacao-triatlo.pt\/ftp2015\/wp-json\/wp\/v2\/users\/16153"}],"replies":[{"embeddable":true,"href":"https:\/\/www.federacao-triatlo.pt\/ftp2015\/wp-json\/wp\/v2\/comments?post=103328"}],"version-history":[{"count":1,"href":"https:\/\/www.federacao-triatlo.pt\/ftp2015\/wp-json\/wp\/v2\/posts\/103328\/revisions"}],"predecessor-version":[{"id":103330,"href":"https:\/\/www.federacao-triatlo.pt\/ftp2015\/wp-json\/wp\/v2\/posts\/103328\/revisions\/103330"}],"wp:featuredmedia":[{"embeddable":true,"href":"https:\/\/www.federacao-triatlo.pt\/ftp2015\/wp-json\/wp\/v2\/media\/103329"}],"wp:attachment":[{"href":"https:\/\/www.federacao-triatlo.pt\/ftp2015\/wp-json\/wp\/v2\/media?parent=103328"}],"wp:term":[{"taxonomy":"category","embeddable":true,"href":"https:\/\/www.federacao-triatlo.pt\/ftp2015\/wp-json\/wp\/v2\/categories?post=103328"},{"taxonomy":"post_tag","embeddable":true,"href":"https:\/\/www.federacao-triatlo.pt\/ftp2015\/wp-json\/wp\/v2\/tags?post=103328"}],"curies":[{"name":"wp","href":"https:\/\/api.w.org\/{rel}","templated":true}]}}