{"id":103252,"date":"2025-06-30T12:15:43","date_gmt":"2025-06-30T11:15:43","guid":{"rendered":"https:\/\/www.federacao-triatlo.pt\/ftp2015\/?p=103252"},"modified":"2025-07-18T17:34:09","modified_gmt":"2025-07-18T16:34:09","slug":"campeonato-mediterranico-ines-rico-garante-quinta-posicao","status":"publish","type":"post","link":"https:\/\/www.federacao-triatlo.pt\/ftp2015\/campeonato-mediterranico-ines-rico-garante-quinta-posicao\/","title":{"rendered":"Campeonato Mediterr\u00e2nico: In\u00eas Rico garante quinta posi\u00e7\u00e3o"},"content":{"rendered":"<div class=\"fsNewsArticle__perex\">In\u00eas Rico foi quinta classificada no\u00a0 Campeonato Meditarr\u00e2nico de triatlo, disputado este domingo\u00a0 (29 de junho) em Taranto, em It\u00e1lia. Na prova feminina, ganha pela italiana a Martina McDowell, Matilde Santos terminou em nono e Margarida Bar\u00e3o foi 12\u00aa classificada.<\/div>\n<p>No sector masculina, Pedro Gaspar terminou no oitavo lugar, com 56:44 minutos, a cerca de um minuto do vencedor, o italiano Lorenzo Pelliciardi, enquanto Tiago Fonseca concluiu os 700 metros de nata\u00e7\u00e3o, 21 quil\u00f3metros de bicicleta e 4,7 de corrida\u00a0 em 57:50, terminando no 14\u00ba lugar.<\/p>\n","protected":false},"excerpt":{"rendered":"<p>In\u00eas Rico foi quinta classificada no\u00a0 Campeonato Meditarr\u00e2nico de triatlo, [&hellip;]<\/p>\n","protected":false},"author":16153,"featured_media":103253,"comment_status":"closed","ping_status":"closed","sticky":false,"template":"","format":"standard","meta":{"footnotes":""},"categories":[2],"tags":[],"_links":{"self":[{"href":"https:\/\/www.federacao-triatlo.pt\/ftp2015\/wp-json\/wp\/v2\/posts\/103252"}],"collection":[{"href":"https:\/\/www.federacao-triatlo.pt\/ftp2015\/wp-json\/wp\/v2\/posts"}],"about":[{"href":"https:\/\/www.federacao-triatlo.pt\/ftp2015\/wp-json\/wp\/v2\/types\/post"}],"author":[{"embeddable":true,"href":"https:\/\/www.federacao-triatlo.pt\/ftp2015\/wp-json\/wp\/v2\/users\/16153"}],"replies":[{"embeddable":true,"href":"https:\/\/www.federacao-triatlo.pt\/ftp2015\/wp-json\/wp\/v2\/comments?post=103252"}],"version-history":[{"count":1,"href":"https:\/\/www.federacao-triatlo.pt\/ftp2015\/wp-json\/wp\/v2\/posts\/103252\/revisions"}],"predecessor-version":[{"id":103254,"href":"https:\/\/www.federacao-triatlo.pt\/ftp2015\/wp-json\/wp\/v2\/posts\/103252\/revisions\/103254"}],"wp:featuredmedia":[{"embeddable":true,"href":"https:\/\/www.federacao-triatlo.pt\/ftp2015\/wp-json\/wp\/v2\/media\/103253"}],"wp:attachment":[{"href":"https:\/\/www.federacao-triatlo.pt\/ftp2015\/wp-json\/wp\/v2\/media?parent=103252"}],"wp:term":[{"taxonomy":"category","embeddable":true,"href":"https:\/\/www.federacao-triatlo.pt\/ftp2015\/wp-json\/wp\/v2\/categories?post=103252"},{"taxonomy":"post_tag","embeddable":true,"href":"https:\/\/www.federacao-triatlo.pt\/ftp2015\/wp-json\/wp\/v2\/tags?post=103252"}],"curies":[{"name":"wp","href":"https:\/\/api.w.org\/{rel}","templated":true}]}}