{"id":103182,"date":"2025-06-24T10:19:01","date_gmt":"2025-06-24T09:19:01","guid":{"rendered":"https:\/\/www.federacao-triatlo.pt\/ftp2015\/?p=103182"},"modified":"2025-06-24T10:26:52","modified_gmt":"2025-06-24T09:26:52","slug":"prata-para-rui-narigueta-em-pontevedra","status":"publish","type":"post","link":"https:\/\/www.federacao-triatlo.pt\/ftp2015\/prata-para-rui-narigueta-em-pontevedra\/","title":{"rendered":"Prata para Rui Narigueta em Pontevedra"},"content":{"rendered":"<p>Mais uma medalha para Portugal no Campeonato do Mundo Multisport, que est\u00e1 a decorrer em Pontevedra, Espanha.<\/p>\n<p>Rui Narigueta foi medalha de prata na prova de Duatlo no escal\u00e3o 45-49 Open AG. O atleta portugu\u00eas terminou os 10 km de nata\u00e7\u00e3o, os 32,29 km de ciclismo e os 5 km de corrida em 1:57:17.<\/p>\n<p>O Campeonato do Mundo Multisport prolonga-se at\u00e9 29 de junho em Pontevedra, Espanha. Seguem os resultados da jornada de Age Groups na prova de Duatlo, dist\u00e2ncia standard.<\/p>\n<p>Rui Narigueta (45-49 Open AG)\u00a0\u00a0\u00a0\u00a0\u00a0\u00a0\u00a0\u00a0\u00a0\u00a0\u00a0\u00a0\u00a0\u00a0\u00a0\u00a0 \u00a0\u00a0\u00a0\u00a0\u00a0\u00a0\u00a0\u00a0\u00a0\u00a0\u00a0 2\u00ba<\/p>\n<p>Vasco Dam\u00e1sio (35-39 Open AG)\u00a0\u00a0\u00a0\u00a0\u00a0\u00a0\u00a0\u00a0\u00a0\u00a0\u00a0\u00a0 \u00a0\u00a0\u00a0\u00a0\u00a0\u00a0\u00a0\u00a0\u00a0\u00a0\u00a0 5\u00ba<\/p>\n<p>Marco Lapas Pinto (30-34 Open AG\u00a0\u00a0\u00a0\u00a0\u00a0\u00a0\u00a0\u00a0\u00a0\u00a0\u00a0\u00a0\u00a0\u00a0\u00a0\u00a0\u00a0\u00a0\u00a0 5\u00ba<\/p>\n<p>F\u00e1bio Dur\u00e3o (35-39 Open AG)\u00a0\u00a0\u00a0\u00a0\u00a0\u00a0\u00a0\u00a0\u00a0\u00a0\u00a0\u00a0\u00a0\u00a0\u00a0\u00a0\u00a0\u00a0\u00a0\u00a0\u00a0\u00a0\u00a0\u00a0\u00a0\u00a0\u00a0\u00a0\u00a0\u00a0\u00a0 6\u00ba<\/p>\n<p>Jose Varela (65-69 Open AG)\u00a0\u00a0\u00a0\u00a0\u00a0\u00a0\u00a0\u00a0\u00a0\u00a0\u00a0\u00a0\u00a0\u00a0\u00a0\u00a0\u00a0\u00a0\u00a0\u00a0\u00a0\u00a0\u00a0\u00a0\u00a0\u00a0\u00a0\u00a0\u00a0\u00a0\u00a0\u00a0\u00a0 8\u00ba<\/p>\n<p>Pedro Reis (45-49 Open AG)\u00a0\u00a0\u00a0\u00a0\u00a0\u00a0\u00a0\u00a0\u00a0\u00a0\u00a0\u00a0\u00a0\u00a0\u00a0\u00a0\u00a0\u00a0\u00a0\u00a0\u00a0\u00a0\u00a0\u00a0\u00a0\u00a0\u00a0\u00a0\u00a0\u00a0\u00a0\u00a0\u00a0\u00a0 17\u00ba<\/p>\n<p>Rui Santos (35-39 Open AG)\u00a0\u00a0\u00a0\u00a0\u00a0\u00a0\u00a0\u00a0\u00a0\u00a0\u00a0\u00a0\u00a0\u00a0\u00a0\u00a0\u00a0\u00a0\u00a0\u00a0\u00a0\u00a0\u00a0\u00a0\u00a0\u00a0\u00a0\u00a0\u00a0\u00a0\u00a0\u00a0\u00a0\u00a0 22\u00ba<\/p>\n<p>Orlando Fernandes (45-49 Open AG)\u00a0\u00a0\u00a0\u00a0\u00a0\u00a0\u00a0\u00a0\u00a0\u00a0\u00a0\u00a0\u00a0\u00a0\u00a0\u00a0 33\u00ba<\/p>\n","protected":false},"excerpt":{"rendered":"<p>Mais uma medalha para Portugal no Campeonato do Mundo Multisport, [&hellip;]<\/p>\n","protected":false},"author":19200,"featured_media":103197,"comment_status":"closed","ping_status":"closed","sticky":false,"template":"","format":"standard","meta":{"footnotes":""},"categories":[2],"tags":[],"_links":{"self":[{"href":"https:\/\/www.federacao-triatlo.pt\/ftp2015\/wp-json\/wp\/v2\/posts\/103182"}],"collection":[{"href":"https:\/\/www.federacao-triatlo.pt\/ftp2015\/wp-json\/wp\/v2\/posts"}],"about":[{"href":"https:\/\/www.federacao-triatlo.pt\/ftp2015\/wp-json\/wp\/v2\/types\/post"}],"author":[{"embeddable":true,"href":"https:\/\/www.federacao-triatlo.pt\/ftp2015\/wp-json\/wp\/v2\/users\/19200"}],"replies":[{"embeddable":true,"href":"https:\/\/www.federacao-triatlo.pt\/ftp2015\/wp-json\/wp\/v2\/comments?post=103182"}],"version-history":[{"count":4,"href":"https:\/\/www.federacao-triatlo.pt\/ftp2015\/wp-json\/wp\/v2\/posts\/103182\/revisions"}],"predecessor-version":[{"id":103196,"href":"https:\/\/www.federacao-triatlo.pt\/ftp2015\/wp-json\/wp\/v2\/posts\/103182\/revisions\/103196"}],"wp:featuredmedia":[{"embeddable":true,"href":"https:\/\/www.federacao-triatlo.pt\/ftp2015\/wp-json\/wp\/v2\/media\/103197"}],"wp:attachment":[{"href":"https:\/\/www.federacao-triatlo.pt\/ftp2015\/wp-json\/wp\/v2\/media?parent=103182"}],"wp:term":[{"taxonomy":"category","embeddable":true,"href":"https:\/\/www.federacao-triatlo.pt\/ftp2015\/wp-json\/wp\/v2\/categories?post=103182"},{"taxonomy":"post_tag","embeddable":true,"href":"https:\/\/www.federacao-triatlo.pt\/ftp2015\/wp-json\/wp\/v2\/tags?post=103182"}],"curies":[{"name":"wp","href":"https:\/\/api.w.org\/{rel}","templated":true}]}}