{"id":103173,"date":"2025-06-22T19:13:27","date_gmt":"2025-06-22T18:13:27","guid":{"rendered":"https:\/\/www.federacao-triatlo.pt\/ftp2015\/?p=103173"},"modified":"2025-06-24T10:33:20","modified_gmt":"2025-06-24T09:33:20","slug":"vargem-e-almeida-no-top-20-na-taca-do-mundo-de-huatulco","status":"publish","type":"post","link":"https:\/\/www.federacao-triatlo.pt\/ftp2015\/vargem-e-almeida-no-top-20-na-taca-do-mundo-de-huatulco\/","title":{"rendered":"Vargem e Almeida no top 20 na Ta\u00e7a do Mundo de Huatulco"},"content":{"rendered":"<p>Mariana Vargem e Madalena Almeida ficaram este domingo entre as vinte primeiras classificadas, respetivamente nos 15\u00ba e 17\u00ba lugares, na Ta\u00e7a do Mundo de Huatulco, no M\u00e9xico.<\/p>\n<p>Com a temperatura da \u00e1gua a 29 C\u00ba e a do ar a 24 C\u00ba, Mariana Vargem estreou-se em provas da Ta\u00e7a do Mundo, completando os 750 nata\u00e7\u00e3o, 20 km bicicleta e 5 km de corrida em 01:02:53.<\/p>\n<p>Madalena Almeida ficou muito pr\u00f3xima da companheira, com o tempo de 01:03:00.<\/p>\n<p>A colombiana Maria Carolina Soto venceu em 01:00:08<\/p>\n<p>&nbsp;<\/p>\n","protected":false},"excerpt":{"rendered":"<p>Mariana Vargem e Madalena Almeida ficaram este domingo entre as [&hellip;]<\/p>\n","protected":false},"author":19200,"featured_media":103198,"comment_status":"closed","ping_status":"closed","sticky":false,"template":"","format":"standard","meta":{"footnotes":""},"categories":[2],"tags":[],"_links":{"self":[{"href":"https:\/\/www.federacao-triatlo.pt\/ftp2015\/wp-json\/wp\/v2\/posts\/103173"}],"collection":[{"href":"https:\/\/www.federacao-triatlo.pt\/ftp2015\/wp-json\/wp\/v2\/posts"}],"about":[{"href":"https:\/\/www.federacao-triatlo.pt\/ftp2015\/wp-json\/wp\/v2\/types\/post"}],"author":[{"embeddable":true,"href":"https:\/\/www.federacao-triatlo.pt\/ftp2015\/wp-json\/wp\/v2\/users\/19200"}],"replies":[{"embeddable":true,"href":"https:\/\/www.federacao-triatlo.pt\/ftp2015\/wp-json\/wp\/v2\/comments?post=103173"}],"version-history":[{"count":2,"href":"https:\/\/www.federacao-triatlo.pt\/ftp2015\/wp-json\/wp\/v2\/posts\/103173\/revisions"}],"predecessor-version":[{"id":103178,"href":"https:\/\/www.federacao-triatlo.pt\/ftp2015\/wp-json\/wp\/v2\/posts\/103173\/revisions\/103178"}],"wp:featuredmedia":[{"embeddable":true,"href":"https:\/\/www.federacao-triatlo.pt\/ftp2015\/wp-json\/wp\/v2\/media\/103198"}],"wp:attachment":[{"href":"https:\/\/www.federacao-triatlo.pt\/ftp2015\/wp-json\/wp\/v2\/media?parent=103173"}],"wp:term":[{"taxonomy":"category","embeddable":true,"href":"https:\/\/www.federacao-triatlo.pt\/ftp2015\/wp-json\/wp\/v2\/categories?post=103173"},{"taxonomy":"post_tag","embeddable":true,"href":"https:\/\/www.federacao-triatlo.pt\/ftp2015\/wp-json\/wp\/v2\/tags?post=103173"}],"curies":[{"name":"wp","href":"https:\/\/api.w.org\/{rel}","templated":true}]}}