{"id":103160,"date":"2025-06-22T13:41:16","date_gmt":"2025-06-22T12:41:16","guid":{"rendered":"https:\/\/www.federacao-triatlo.pt\/ftp2015\/?p=103160"},"modified":"2025-07-18T17:48:52","modified_gmt":"2025-07-18T16:48:52","slug":"raquel-rocha-e-joao-vaz-vencem-em-serpa","status":"publish","type":"post","link":"https:\/\/www.federacao-triatlo.pt\/ftp2015\/raquel-rocha-e-joao-vaz-vencem-em-serpa\/","title":{"rendered":"Raquel Rocha e Jo\u00e3o Vaz vencem em Serpa"},"content":{"rendered":"<p>Raquel Rocha, do CNATRIL Triatlo, venceu este s\u00e1bado, em termos absolutos, no setor feminino, o II Triatlo Cidade de Serpa, enquanto Jo\u00e3o Vaz, do Sporting Clube de Portugal, foi o primeiro a cortar a meta no setor masculino.<\/p>\n<p>Beatriz Nunes Santos, do Outsystems Ol\u00edmpico de Oeiras, e Let\u00edcia Magalh\u00e3es, do Sporting Clube de Portugal, completaram o p\u00f3dio feminino.<\/p>\n<p>Jo\u00e3o Francisco Ferreira, do Pedr\u00f3g\u00e3o Triatlo\/CFDLP Torres Novas, e David Abreu, do Sporting Clube de Portugal, foram respetivamente segundo e terceiro lugares.<\/p>\n<p>A prova, que se realizou entre a Barragem da Lage e a cidade de Serpa, constituiu a 4\u00aa etapa da Ta\u00e7a de Portugal no formato de triatlo em estrada na dist\u00e2ncia Sprint.<\/p>\n<p>O Sporting Clube de Portugal venceu no setor feminino, com o CNATRIL Triatlo e o Alhandra Sporting Club em segundo e terceiro lugares respetivamente.<\/p>\n<p>Nos masculinos, os le\u00f5es tamb\u00e9m foram os que mais pontuaram, seguidos pelo Outsystems Ol\u00edmpico de Oeiras e o Alhandra Sporting Club.<\/p>\n<p>Todos os resultados em:<\/p>\n<div class=\"video-shortcode\">\n<blockquote class=\"wp-embedded-content\" data-secret=\"3kzB4HZKNm\"><p><a href=\"https:\/\/www.federacao-triatlo.pt\/ftp2015\/competicoes\/resultados\/resultados-2025\/ii-triatlo-cidade-de-serpa-resultados\/\">II Triatlo Cidade de Serpa &#8211; Resultados<\/a><\/p><\/blockquote>\n<p><iframe class=\"wp-embedded-content\" sandbox=\"allow-scripts\" security=\"restricted\" style=\"position: absolute; clip: rect(1px, 1px, 1px, 1px);\" title=\"&#8220;II Triatlo Cidade de Serpa &#8211; Resultados&#8221; &#8212; Federa\u00e7\u00e3o de Triatlo de Portugal\" src=\"https:\/\/www.federacao-triatlo.pt\/ftp2015\/competicoes\/resultados\/resultados-2025\/ii-triatlo-cidade-de-serpa-resultados\/embed\/#?secret=BnnjzEPuTn#?secret=3kzB4HZKNm\" data-secret=\"3kzB4HZKNm\" width=\"600\" height=\"338\" frameborder=\"0\" marginwidth=\"0\" marginheight=\"0\" scrolling=\"no\"><\/iframe><\/div>\n","protected":false},"excerpt":{"rendered":"<p>Raquel Rocha, do CNATRIL Triatlo, venceu este s\u00e1bado, em termos [&hellip;]<\/p>\n","protected":false},"author":19200,"featured_media":103211,"comment_status":"closed","ping_status":"closed","sticky":false,"template":"","format":"standard","meta":{"footnotes":""},"categories":[2],"tags":[],"_links":{"self":[{"href":"https:\/\/www.federacao-triatlo.pt\/ftp2015\/wp-json\/wp\/v2\/posts\/103160"}],"collection":[{"href":"https:\/\/www.federacao-triatlo.pt\/ftp2015\/wp-json\/wp\/v2\/posts"}],"about":[{"href":"https:\/\/www.federacao-triatlo.pt\/ftp2015\/wp-json\/wp\/v2\/types\/post"}],"author":[{"embeddable":true,"href":"https:\/\/www.federacao-triatlo.pt\/ftp2015\/wp-json\/wp\/v2\/users\/19200"}],"replies":[{"embeddable":true,"href":"https:\/\/www.federacao-triatlo.pt\/ftp2015\/wp-json\/wp\/v2\/comments?post=103160"}],"version-history":[{"count":3,"href":"https:\/\/www.federacao-triatlo.pt\/ftp2015\/wp-json\/wp\/v2\/posts\/103160\/revisions"}],"predecessor-version":[{"id":103171,"href":"https:\/\/www.federacao-triatlo.pt\/ftp2015\/wp-json\/wp\/v2\/posts\/103160\/revisions\/103171"}],"wp:featuredmedia":[{"embeddable":true,"href":"https:\/\/www.federacao-triatlo.pt\/ftp2015\/wp-json\/wp\/v2\/media\/103211"}],"wp:attachment":[{"href":"https:\/\/www.federacao-triatlo.pt\/ftp2015\/wp-json\/wp\/v2\/media?parent=103160"}],"wp:term":[{"taxonomy":"category","embeddable":true,"href":"https:\/\/www.federacao-triatlo.pt\/ftp2015\/wp-json\/wp\/v2\/categories?post=103160"},{"taxonomy":"post_tag","embeddable":true,"href":"https:\/\/www.federacao-triatlo.pt\/ftp2015\/wp-json\/wp\/v2\/tags?post=103160"}],"curies":[{"name":"wp","href":"https:\/\/api.w.org\/{rel}","templated":true}]}}