{"id":103153,"date":"2025-06-22T12:29:36","date_gmt":"2025-06-22T11:29:36","guid":{"rendered":"https:\/\/www.federacao-triatlo.pt\/ftp2015\/?p=103153"},"modified":"2025-06-22T13:44:20","modified_gmt":"2025-06-22T12:44:20","slug":"tres-medalhas-de-ouro-em-pontevedra","status":"publish","type":"post","link":"https:\/\/www.federacao-triatlo.pt\/ftp2015\/tres-medalhas-de-ouro-em-pontevedra\/","title":{"rendered":"Tr\u00eas medalhas de ouro em Pontevedra"},"content":{"rendered":"<p>Nelson Gomes (40-44), Carlos Leite (80-84) \u00a0e Ant\u00f3nio Fernando Horta (60-64) venceram este s\u00e1bado os seus respetivos Grupos de Idade na prova de Duatlo Sprint no Campeonato do Mundo Multisport, que est\u00e1 a decorrer em Pontevedra, Espanha.<\/p>\n<p>Portugal teve uma grande representa\u00e7\u00e3o. Seguem em baixo os resultados:<\/p>\n<p>MAS<\/p>\n<p>Jorge Almeida\u00a0 (35-39) \u00a0&#8211; 5\u00ba<\/p>\n<p>Rui Martins (40-44) \u00a0&#8211; 7\u00ba<\/p>\n<p>Bernardo Magina (20-24) \u2013 3\u00ba<\/p>\n<p>Fernando Moura (70-74) \u2013 15\u00ba<\/p>\n<p>Carlos Matias\u00a0 (80-84) \u2013 7\u00ba<\/p>\n<p>Jos\u00e9 Peixoto (55-59) \u2013 8\u00ba<\/p>\n<p>Nelson Gomes (40-44) \u2013 1\u00ba<\/p>\n<p>Jo\u00e3o Rebelo (30-34) \u2013 5\u00ba<\/p>\n<p>Nuno Andr\u00e9 (25-29) &#8211; 8\u00ba<\/p>\n<p>Francisco Cipriano \u00a0(80-84) \u2013 8\u00ba<\/p>\n<p>Carlos Leite (80-84) \u2013 1\u00ba<\/p>\n<p>Ant\u00f3nio Fernando Horta (60-64) \u2013 1\u00ba<\/p>\n<p>FEM<\/p>\n<p>Sofia Jorge (45-49) &#8211; 22\u00aa<\/p>\n<p>Sara Santos (45-49) \u00a0&#8211; 26\u00aa<\/p>\n<p>Sara Neto (35-39) \u2013 4\u00aa<\/p>\n<p>In\u00eas Moreira (40-44) &#8211; 22<\/p>\n","protected":false},"excerpt":{"rendered":"<p>Nelson Gomes (40-44), Carlos Leite (80-84) \u00a0e Ant\u00f3nio Fernando Horta [&hellip;]<\/p>\n","protected":false},"author":19200,"featured_media":103158,"comment_status":"closed","ping_status":"closed","sticky":false,"template":"","format":"standard","meta":{"footnotes":""},"categories":[335,9,2],"tags":[],"_links":{"self":[{"href":"https:\/\/www.federacao-triatlo.pt\/ftp2015\/wp-json\/wp\/v2\/posts\/103153"}],"collection":[{"href":"https:\/\/www.federacao-triatlo.pt\/ftp2015\/wp-json\/wp\/v2\/posts"}],"about":[{"href":"https:\/\/www.federacao-triatlo.pt\/ftp2015\/wp-json\/wp\/v2\/types\/post"}],"author":[{"embeddable":true,"href":"https:\/\/www.federacao-triatlo.pt\/ftp2015\/wp-json\/wp\/v2\/users\/19200"}],"replies":[{"embeddable":true,"href":"https:\/\/www.federacao-triatlo.pt\/ftp2015\/wp-json\/wp\/v2\/comments?post=103153"}],"version-history":[{"count":2,"href":"https:\/\/www.federacao-triatlo.pt\/ftp2015\/wp-json\/wp\/v2\/posts\/103153\/revisions"}],"predecessor-version":[{"id":103159,"href":"https:\/\/www.federacao-triatlo.pt\/ftp2015\/wp-json\/wp\/v2\/posts\/103153\/revisions\/103159"}],"wp:featuredmedia":[{"embeddable":true,"href":"https:\/\/www.federacao-triatlo.pt\/ftp2015\/wp-json\/wp\/v2\/media\/103158"}],"wp:attachment":[{"href":"https:\/\/www.federacao-triatlo.pt\/ftp2015\/wp-json\/wp\/v2\/media?parent=103153"}],"wp:term":[{"taxonomy":"category","embeddable":true,"href":"https:\/\/www.federacao-triatlo.pt\/ftp2015\/wp-json\/wp\/v2\/categories?post=103153"},{"taxonomy":"post_tag","embeddable":true,"href":"https:\/\/www.federacao-triatlo.pt\/ftp2015\/wp-json\/wp\/v2\/tags?post=103153"}],"curies":[{"name":"wp","href":"https:\/\/api.w.org\/{rel}","templated":true}]}}