{"id":103147,"date":"2025-06-22T11:34:47","date_gmt":"2025-06-22T10:34:47","guid":{"rendered":"https:\/\/www.federacao-triatlo.pt\/ftp2015\/?p=103147"},"modified":"2025-06-22T11:37:46","modified_gmt":"2025-06-22T10:37:46","slug":"103147-2","status":"publish","type":"post","link":"https:\/\/www.federacao-triatlo.pt\/ftp2015\/103147-2\/","title":{"rendered":"Juniores masculinos no top 10 na Ta\u00e7a da Europa em Holten"},"content":{"rendered":"<p>A Sele\u00e7\u00e3o Nacional teve uma boa presta\u00e7\u00e3o na Ta\u00e7a da Europa de Elite e Juniores, que decorreu este s\u00e1bado em Holten, na Holanda.<\/p>\n<p>Seguem os resultados da nossa Sele\u00e7\u00e3o, composta por 14 atletas entre os dois escal\u00f5es:<\/p>\n<p><strong>Elite<\/strong><\/p>\n<p>MAS<\/p>\n<ol start=\"23\">\n<li>Gustavo do Canto<\/li>\n<li>Jo\u00e3o Mansos<\/li>\n<li>Jo\u00e3o Canadas<\/li>\n<\/ol>\n<p>FEM<\/p>\n<ol start=\"21\">\n<li>In\u00eas Rico<\/li>\n<li>Matilde Silva Santos<\/li>\n<li>Margarida Bar\u00e3o<\/li>\n<\/ol>\n<p><strong>Juniores<\/strong><\/p>\n<p>MAS<\/p>\n<ol start=\"6\">\n<li>Jos\u00e9 Ferreira<\/li>\n<li>Rodrigo Pissarra<\/li>\n<li>Ricardo Pissarra<\/li>\n<li>Afonso Ferreira<\/li>\n<\/ol>\n<p>FEM<\/p>\n<ol start=\"10\">\n<li>Catarina Fel\u00edcio Santos<\/li>\n<li>Sofia Almeida Sousa<\/li>\n<li>Marta Ribeiro<\/li>\n<li>Matilde Tom\u00e1s<\/li>\n<\/ol>\n<p>Os resultados completos podem ser consultados em:<\/p>\n<p>Elite: https:\/\/triathlon.org\/events\/2025-europe-triathlon-premium-cup-holten\/results<\/p>\n<p>Juniores: https:\/\/triathlon.org\/events\/2025-europe-triathlon-junior-cup-holten\/results\/674124<\/p>\n","protected":false},"excerpt":{"rendered":"<p>A Sele\u00e7\u00e3o Nacional teve uma boa presta\u00e7\u00e3o na Ta\u00e7a da [&hellip;]<\/p>\n","protected":false},"author":19200,"featured_media":103148,"comment_status":"closed","ping_status":"closed","sticky":false,"template":"","format":"standard","meta":{"footnotes":""},"categories":[9,2],"tags":[],"_links":{"self":[{"href":"https:\/\/www.federacao-triatlo.pt\/ftp2015\/wp-json\/wp\/v2\/posts\/103147"}],"collection":[{"href":"https:\/\/www.federacao-triatlo.pt\/ftp2015\/wp-json\/wp\/v2\/posts"}],"about":[{"href":"https:\/\/www.federacao-triatlo.pt\/ftp2015\/wp-json\/wp\/v2\/types\/post"}],"author":[{"embeddable":true,"href":"https:\/\/www.federacao-triatlo.pt\/ftp2015\/wp-json\/wp\/v2\/users\/19200"}],"replies":[{"embeddable":true,"href":"https:\/\/www.federacao-triatlo.pt\/ftp2015\/wp-json\/wp\/v2\/comments?post=103147"}],"version-history":[{"count":4,"href":"https:\/\/www.federacao-triatlo.pt\/ftp2015\/wp-json\/wp\/v2\/posts\/103147\/revisions"}],"predecessor-version":[{"id":103152,"href":"https:\/\/www.federacao-triatlo.pt\/ftp2015\/wp-json\/wp\/v2\/posts\/103147\/revisions\/103152"}],"wp:featuredmedia":[{"embeddable":true,"href":"https:\/\/www.federacao-triatlo.pt\/ftp2015\/wp-json\/wp\/v2\/media\/103148"}],"wp:attachment":[{"href":"https:\/\/www.federacao-triatlo.pt\/ftp2015\/wp-json\/wp\/v2\/media?parent=103147"}],"wp:term":[{"taxonomy":"category","embeddable":true,"href":"https:\/\/www.federacao-triatlo.pt\/ftp2015\/wp-json\/wp\/v2\/categories?post=103147"},{"taxonomy":"post_tag","embeddable":true,"href":"https:\/\/www.federacao-triatlo.pt\/ftp2015\/wp-json\/wp\/v2\/tags?post=103147"}],"curies":[{"name":"wp","href":"https:\/\/api.w.org\/{rel}","templated":true}]}}