{"id":103108,"date":"2025-06-18T15:29:09","date_gmt":"2025-06-18T14:29:09","guid":{"rendered":"https:\/\/www.federacao-triatlo.pt\/ftp2015\/?p=103108"},"modified":"2025-06-25T12:01:49","modified_gmt":"2025-06-25T11:01:49","slug":"bandeira-de-etica-entregue-a-ftp","status":"publish","type":"post","link":"https:\/\/www.federacao-triatlo.pt\/ftp2015\/bandeira-de-etica-entregue-a-ftp\/","title":{"rendered":"Bandeira de \u00c9tica entregue na sede da FTP"},"content":{"rendered":"<p>Jos\u00e9 Lima, coordenador do Plano Nacional de \u00c9tica do Desporto, entregou oficialmente na sede da Federa\u00e7\u00e3o de Triatlo de Portugal (FTP), em Caxias, a Bandeira da \u00c9tica, atribu\u00edda em abril pelo Instituto Portugu\u00eas do Desporto e Juventude, I.P. (IPDJ, I.P.).<\/p>\n<p>\u00c9 um importante reconhecimento do trabalho da FTP na promo\u00e7\u00e3o de valores humanos fundamentais para a forma\u00e7\u00e3o dos jovens e para um desporto onde reina o fair-play, a lealdade e o desportivismo.<\/p>\n<p>&#8220;\u00c9 uma certifica\u00e7\u00e3o que faz crescer a nossa responsabilidade no sentido de n\u00e3o vacilar, em nenhum momento, perante qualquer tipo de pr\u00e1tica que desvie o triatlo da sua hist\u00f3ria de \u00e9tica e desportivismo\u201d, sublinhou o presidente da Federa\u00e7\u00e3o de Triatlo de Portugal, Fernando Feij\u00e3o.<\/p>\n<p>A Bandeira da \u00c9tica foi exibida no recente Triatlo de Peniche e v\u00e1rias outras iniciativas est\u00e3o a ser preparadas neste \u00e2mbito.<\/p>\n","protected":false},"excerpt":{"rendered":"<p>Jos\u00e9 Lima, coordenador do Plano Nacional de \u00c9tica do Desporto, [&hellip;]<\/p>\n","protected":false},"author":19200,"featured_media":103109,"comment_status":"closed","ping_status":"closed","sticky":false,"template":"","format":"standard","meta":{"footnotes":""},"categories":[2],"tags":[],"_links":{"self":[{"href":"https:\/\/www.federacao-triatlo.pt\/ftp2015\/wp-json\/wp\/v2\/posts\/103108"}],"collection":[{"href":"https:\/\/www.federacao-triatlo.pt\/ftp2015\/wp-json\/wp\/v2\/posts"}],"about":[{"href":"https:\/\/www.federacao-triatlo.pt\/ftp2015\/wp-json\/wp\/v2\/types\/post"}],"author":[{"embeddable":true,"href":"https:\/\/www.federacao-triatlo.pt\/ftp2015\/wp-json\/wp\/v2\/users\/19200"}],"replies":[{"embeddable":true,"href":"https:\/\/www.federacao-triatlo.pt\/ftp2015\/wp-json\/wp\/v2\/comments?post=103108"}],"version-history":[{"count":3,"href":"https:\/\/www.federacao-triatlo.pt\/ftp2015\/wp-json\/wp\/v2\/posts\/103108\/revisions"}],"predecessor-version":[{"id":103112,"href":"https:\/\/www.federacao-triatlo.pt\/ftp2015\/wp-json\/wp\/v2\/posts\/103108\/revisions\/103112"}],"wp:featuredmedia":[{"embeddable":true,"href":"https:\/\/www.federacao-triatlo.pt\/ftp2015\/wp-json\/wp\/v2\/media\/103109"}],"wp:attachment":[{"href":"https:\/\/www.federacao-triatlo.pt\/ftp2015\/wp-json\/wp\/v2\/media?parent=103108"}],"wp:term":[{"taxonomy":"category","embeddable":true,"href":"https:\/\/www.federacao-triatlo.pt\/ftp2015\/wp-json\/wp\/v2\/categories?post=103108"},{"taxonomy":"post_tag","embeddable":true,"href":"https:\/\/www.federacao-triatlo.pt\/ftp2015\/wp-json\/wp\/v2\/tags?post=103108"}],"curies":[{"name":"wp","href":"https:\/\/api.w.org\/{rel}","templated":true}]}}