{"id":103088,"date":"2025-06-17T08:18:52","date_gmt":"2025-06-17T07:18:52","guid":{"rendered":"https:\/\/www.federacao-triatlo.pt\/ftp2015\/?p=103088"},"modified":"2025-06-17T08:19:53","modified_gmt":"2025-06-17T07:19:53","slug":"paulo-goncalves-recebe-cartao-branco-por-fair-play-na-golega","status":"publish","type":"post","link":"https:\/\/www.federacao-triatlo.pt\/ftp2015\/paulo-goncalves-recebe-cartao-branco-por-fair-play-na-golega\/","title":{"rendered":"Paulo Gon\u00e7alves recebe cart\u00e3o branco por fair-play na Goleg\u00e3"},"content":{"rendered":"<p>Paulo Gon\u00e7alves, do Centro Ciclista Azeitonense, foi distinguido com a atribui\u00e7\u00e3o do Cart\u00e3o Branco por ter prestado aux\u00edlio a outro triatleta durante o Xterra da Goleg\u00e3.<\/p>\n<p>A distin\u00e7\u00e3o, atribu\u00edda no final do Duatlo Cross Jovem da Amadora,\u00a0 sublinha a atitude de fair-play demonstrada por Paulo Gon\u00e7alves ao retirar da \u00e1gua um atleta belga que estava em claras dificuldades f\u00edsicas e sem capacidade para se movimentar.<\/p>\n<p><em>\u201cAgradecemos a bonita homenagem ao nosso atleta e esperamos que esta atitude do Paulo Gon\u00e7alves inspire todos os desportistas, e tamb\u00e9m os nossos jovens a seguirem este maravilhoso exemplo\u201d<\/em>, escreveu o CC Azeitonense no Instagram.<\/p>\n<p>A atribui\u00e7\u00e3o do Cart\u00e3o Branco foi apadrinhada pela presen\u00e7a de Jos\u00e9 Lima, em representa\u00e7\u00e3o do Instituto do Desporto e Juventude (IPDJ), de Isabel Cardoso, delegada regional de Lisboa e Alto Alentejo da Federa\u00e7\u00e3o de Triatlo de Portugal, do \u00e1rbitro-chefe em prova, Ant\u00f3nio Nunes e da \u00e1rbitra e embaixadora da \u00e9tica e fair-play, Ana Pessegueiro.<\/p>\n<div class=\"elementor elementor-110156\" data-elementor-type=\"container\" data-elementor-id=\"110156\" data-elementor-post-type=\"elementor_library\">\n<div class=\"elementor-element elementor-element-43133af e-flex e-con-boxed e-con e-child\" data-id=\"43133af\" data-element_type=\"container\">\n<div class=\"e-con-inner\">\n<div class=\"elementor-element elementor-element-9b38ff6 elementor-widget__width-inherit elementor-widget elementor-widget-heading\" data-id=\"9b38ff6\" data-element_type=\"widget\" data-widget_type=\"heading.default\"><\/div>\n<\/div>\n<\/div>\n<\/div>\n<div class=\"elementor elementor-110157\" data-elementor-type=\"container\" data-elementor-id=\"110157\" data-elementor-post-type=\"elementor_library\">\n<div class=\"elementor-element elementor-element-712551c e-flex e-con-boxed e-con e-child\" data-id=\"712551c\" data-element_type=\"container\">\n<div class=\"e-con-inner\">\n<div class=\"elementor-element elementor-element-e3a7b54 elementor-widget__width-inherit elementor-widget elementor-widget-heading\" data-id=\"e3a7b54\" data-element_type=\"widget\" data-widget_type=\"heading.default\"><\/div>\n<\/div>\n<\/div>\n<\/div>\n","protected":false},"excerpt":{"rendered":"<p>Paulo Gon\u00e7alves, do Centro Ciclista Azeitonense, foi distinguido com a [&hellip;]<\/p>\n","protected":false},"author":16153,"featured_media":103089,"comment_status":"closed","ping_status":"closed","sticky":false,"template":"","format":"standard","meta":{"footnotes":""},"categories":[2],"tags":[],"_links":{"self":[{"href":"https:\/\/www.federacao-triatlo.pt\/ftp2015\/wp-json\/wp\/v2\/posts\/103088"}],"collection":[{"href":"https:\/\/www.federacao-triatlo.pt\/ftp2015\/wp-json\/wp\/v2\/posts"}],"about":[{"href":"https:\/\/www.federacao-triatlo.pt\/ftp2015\/wp-json\/wp\/v2\/types\/post"}],"author":[{"embeddable":true,"href":"https:\/\/www.federacao-triatlo.pt\/ftp2015\/wp-json\/wp\/v2\/users\/16153"}],"replies":[{"embeddable":true,"href":"https:\/\/www.federacao-triatlo.pt\/ftp2015\/wp-json\/wp\/v2\/comments?post=103088"}],"version-history":[{"count":2,"href":"https:\/\/www.federacao-triatlo.pt\/ftp2015\/wp-json\/wp\/v2\/posts\/103088\/revisions"}],"predecessor-version":[{"id":103092,"href":"https:\/\/www.federacao-triatlo.pt\/ftp2015\/wp-json\/wp\/v2\/posts\/103088\/revisions\/103092"}],"wp:featuredmedia":[{"embeddable":true,"href":"https:\/\/www.federacao-triatlo.pt\/ftp2015\/wp-json\/wp\/v2\/media\/103089"}],"wp:attachment":[{"href":"https:\/\/www.federacao-triatlo.pt\/ftp2015\/wp-json\/wp\/v2\/media?parent=103088"}],"wp:term":[{"taxonomy":"category","embeddable":true,"href":"https:\/\/www.federacao-triatlo.pt\/ftp2015\/wp-json\/wp\/v2\/categories?post=103088"},{"taxonomy":"post_tag","embeddable":true,"href":"https:\/\/www.federacao-triatlo.pt\/ftp2015\/wp-json\/wp\/v2\/tags?post=103088"}],"curies":[{"name":"wp","href":"https:\/\/api.w.org\/{rel}","templated":true}]}}