{"id":103082,"date":"2025-06-16T15:10:32","date_gmt":"2025-06-16T14:10:32","guid":{"rendered":"https:\/\/www.federacao-triatlo.pt\/ftp2015\/?p=103082"},"modified":"2025-06-16T15:10:32","modified_gmt":"2025-06-16T14:10:32","slug":"paratriatlo-filipe-marques-vice-campeao-da-europa","status":"publish","type":"post","link":"https:\/\/www.federacao-triatlo.pt\/ftp2015\/paratriatlo-filipe-marques-vice-campeao-da-europa\/","title":{"rendered":"Paratriatlo: Filipe Marques vice-campe\u00e3o da Europa"},"content":{"rendered":"<div class=\"[ ink-grid vertical-padding ] main page-article page-article--post page-article-type-- page-article-category-mais-modalidades partner--sportinforma-lusa \">\n<article class=\"\">\n<div class=\"[ column-group tiny-gutters small-gutters medium-gutters large-gutters xlarge-gutters ]\">\n<div class=\"[ all-100 ]\">\n<div class=\"[ ] has-good-ol-sidebar\">\n<div class=\"[ column-group tiny-gutters small-gutters medium-horizontal-gutters large-horizontal-gutters xlarge-horizontal-gutters ]\">\n<div class=\"[ tiny-100 small-100 medium-100 large-65 xlarge-70 ]\" data-trackerlink=\"Article|Content\">\n<div class=\"article-body-ctn\">\n<div class=\"[ bottom-space _clearfix ] article-body \" data-vhs-group=\"\">\n<div class=\"content\">\n<p>Filipe Marques, que compete na categoria PTS5, conquistou em Besan\u00e7on, Fran\u00e7a, o t\u00edtulo de vice-campe\u00e3o da Europa de Paratriatlo, repetindo a classifica\u00e7\u00e3o obtida no ano passado.<\/p>\n<p class=\"text-paragraph\">Filipe Marques, atual nono do ranking, s\u00f3 perdeu para o grande favorito, o alem\u00e3o Mart\u00edn Schulz, depois de h\u00e1 uma semana ter sido terceiro na primeira etapa do circuito mundial de paratriatlo, em Taranto, It\u00e1lia.<\/p>\n<p>O triatleta portugu\u00eas terminou a prova francesa em 1:03.43 horas, a cerca de um minuto do vencedor.A medalha de bronze foi para o irland\u00eas Tom Williamson.<\/p>\n<\/div>\n<\/div>\n<\/div>\n<\/div>\n<\/div>\n<\/div>\n<\/div>\n<\/div>\n<\/article>\n<\/div>\n","protected":false},"excerpt":{"rendered":"<p>Filipe Marques, que compete na categoria PTS5, conquistou em Besan\u00e7on, [&hellip;]<\/p>\n","protected":false},"author":16153,"featured_media":100890,"comment_status":"closed","ping_status":"closed","sticky":false,"template":"","format":"standard","meta":{"footnotes":""},"categories":[9,2],"tags":[],"_links":{"self":[{"href":"https:\/\/www.federacao-triatlo.pt\/ftp2015\/wp-json\/wp\/v2\/posts\/103082"}],"collection":[{"href":"https:\/\/www.federacao-triatlo.pt\/ftp2015\/wp-json\/wp\/v2\/posts"}],"about":[{"href":"https:\/\/www.federacao-triatlo.pt\/ftp2015\/wp-json\/wp\/v2\/types\/post"}],"author":[{"embeddable":true,"href":"https:\/\/www.federacao-triatlo.pt\/ftp2015\/wp-json\/wp\/v2\/users\/16153"}],"replies":[{"embeddable":true,"href":"https:\/\/www.federacao-triatlo.pt\/ftp2015\/wp-json\/wp\/v2\/comments?post=103082"}],"version-history":[{"count":1,"href":"https:\/\/www.federacao-triatlo.pt\/ftp2015\/wp-json\/wp\/v2\/posts\/103082\/revisions"}],"predecessor-version":[{"id":103083,"href":"https:\/\/www.federacao-triatlo.pt\/ftp2015\/wp-json\/wp\/v2\/posts\/103082\/revisions\/103083"}],"wp:featuredmedia":[{"embeddable":true,"href":"https:\/\/www.federacao-triatlo.pt\/ftp2015\/wp-json\/wp\/v2\/media\/100890"}],"wp:attachment":[{"href":"https:\/\/www.federacao-triatlo.pt\/ftp2015\/wp-json\/wp\/v2\/media?parent=103082"}],"wp:term":[{"taxonomy":"category","embeddable":true,"href":"https:\/\/www.federacao-triatlo.pt\/ftp2015\/wp-json\/wp\/v2\/categories?post=103082"},{"taxonomy":"post_tag","embeddable":true,"href":"https:\/\/www.federacao-triatlo.pt\/ftp2015\/wp-json\/wp\/v2\/tags?post=103082"}],"curies":[{"name":"wp","href":"https:\/\/api.w.org\/{rel}","templated":true}]}}