{"id":103044,"date":"2025-06-11T11:36:28","date_gmt":"2025-06-11T10:36:28","guid":{"rendered":"https:\/\/www.federacao-triatlo.pt\/ftp2015\/?p=103044"},"modified":"2025-06-16T11:04:52","modified_gmt":"2025-06-16T10:04:52","slug":"servicos-fechados-dia-13-de-junho","status":"publish","type":"post","link":"https:\/\/www.federacao-triatlo.pt\/ftp2015\/servicos-fechados-dia-13-de-junho\/","title":{"rendered":"Servi\u00e7os fechados dia 13 de junho"},"content":{"rendered":"<p>Os servi\u00e7os das Federa\u00e7\u00e3o de Triatlo de Portugal encontram-se encerrados no dia 13 de junho, sexta-feira.<\/p>\n<p>Obrigado pela aten\u00e7\u00e3o.<\/p>\n","protected":false},"excerpt":{"rendered":"<p>Os servi\u00e7os das Federa\u00e7\u00e3o de Triatlo de Portugal encontram-se encerrados [&hellip;]<\/p>\n","protected":false},"author":16153,"featured_media":100715,"comment_status":"closed","ping_status":"closed","sticky":false,"template":"","format":"standard","meta":{"footnotes":""},"categories":[2],"tags":[],"_links":{"self":[{"href":"https:\/\/www.federacao-triatlo.pt\/ftp2015\/wp-json\/wp\/v2\/posts\/103044"}],"collection":[{"href":"https:\/\/www.federacao-triatlo.pt\/ftp2015\/wp-json\/wp\/v2\/posts"}],"about":[{"href":"https:\/\/www.federacao-triatlo.pt\/ftp2015\/wp-json\/wp\/v2\/types\/post"}],"author":[{"embeddable":true,"href":"https:\/\/www.federacao-triatlo.pt\/ftp2015\/wp-json\/wp\/v2\/users\/16153"}],"replies":[{"embeddable":true,"href":"https:\/\/www.federacao-triatlo.pt\/ftp2015\/wp-json\/wp\/v2\/comments?post=103044"}],"version-history":[{"count":1,"href":"https:\/\/www.federacao-triatlo.pt\/ftp2015\/wp-json\/wp\/v2\/posts\/103044\/revisions"}],"predecessor-version":[{"id":103045,"href":"https:\/\/www.federacao-triatlo.pt\/ftp2015\/wp-json\/wp\/v2\/posts\/103044\/revisions\/103045"}],"wp:featuredmedia":[{"embeddable":true,"href":"https:\/\/www.federacao-triatlo.pt\/ftp2015\/wp-json\/wp\/v2\/media\/100715"}],"wp:attachment":[{"href":"https:\/\/www.federacao-triatlo.pt\/ftp2015\/wp-json\/wp\/v2\/media?parent=103044"}],"wp:term":[{"taxonomy":"category","embeddable":true,"href":"https:\/\/www.federacao-triatlo.pt\/ftp2015\/wp-json\/wp\/v2\/categories?post=103044"},{"taxonomy":"post_tag","embeddable":true,"href":"https:\/\/www.federacao-triatlo.pt\/ftp2015\/wp-json\/wp\/v2\/tags?post=103044"}],"curies":[{"name":"wp","href":"https:\/\/api.w.org\/{rel}","templated":true}]}}