{"id":102986,"date":"2025-06-09T10:32:03","date_gmt":"2025-06-09T09:32:03","guid":{"rendered":"https:\/\/www.federacao-triatlo.pt\/ftp2015\/?p=102986"},"modified":"2025-06-09T10:32:25","modified_gmt":"2025-06-09T09:32:25","slug":"triatlo-standard-maria-tome-e-joao-nuno-batista-campeoes-nacionais","status":"publish","type":"post","link":"https:\/\/www.federacao-triatlo.pt\/ftp2015\/triatlo-standard-maria-tome-e-joao-nuno-batista-campeoes-nacionais\/","title":{"rendered":"Triatlo Standard: Maria Tom\u00e9 e Jo\u00e3o Nuno Batista campe\u00f5es nacionais"},"content":{"rendered":"<p>Jo\u00e3o Nuno Batista e Maria Tom\u00e9, ambos do CN Torres Novas, sagraram-se campe\u00f5es nacionais de triatlo standard, ao vencerem o Triatlo de Faro.<\/p>\n<p>No sector masculino, Jo\u00e3o Nuno Batista regressou \u00e0s vit\u00f3rias depois de longos meses parado por quest\u00f5es de sa\u00fade. O torrejano terminou os 1,5km de nata\u00e7\u00e3o, 40km de ciclismo e 10km de corrida em 01:44:20, deixando Gustavo do Canto, segundo classificado, a cerca de 5o segundos. Tiago Fonseca fechou o p\u00f3dio, todo ele ocupado por homens do CN Torres Novas.<\/p>\n<p>Entre as mulheres, Maria Tom\u00e9 repetiu, tal como Jo\u00e3o Nuno Batista, o feito de 2024 e superiorizou-se \u00e0 concorr\u00eancia. O p\u00f3dio feminino ficou completo com In\u00eas Rico e Matilde Santos, ambas no Outsystems Ol\u00edmpico de Oeiras.<\/p>\n<p>Todos os resultados <a href=\"https:\/\/www.federacao-triatlo.pt\/ftp2015\/competicoes\/resultados\/resultados-2025\/ii-triatlo-de-faro-resultados\/\">aqui.<\/a><\/p>\n","protected":false},"excerpt":{"rendered":"<p>Jo\u00e3o Nuno Batista e Maria Tom\u00e9, ambos do CN Torres [&hellip;]<\/p>\n","protected":false},"author":16153,"featured_media":102988,"comment_status":"closed","ping_status":"closed","sticky":false,"template":"","format":"standard","meta":{"footnotes":""},"categories":[9,2],"tags":[],"_links":{"self":[{"href":"https:\/\/www.federacao-triatlo.pt\/ftp2015\/wp-json\/wp\/v2\/posts\/102986"}],"collection":[{"href":"https:\/\/www.federacao-triatlo.pt\/ftp2015\/wp-json\/wp\/v2\/posts"}],"about":[{"href":"https:\/\/www.federacao-triatlo.pt\/ftp2015\/wp-json\/wp\/v2\/types\/post"}],"author":[{"embeddable":true,"href":"https:\/\/www.federacao-triatlo.pt\/ftp2015\/wp-json\/wp\/v2\/users\/16153"}],"replies":[{"embeddable":true,"href":"https:\/\/www.federacao-triatlo.pt\/ftp2015\/wp-json\/wp\/v2\/comments?post=102986"}],"version-history":[{"count":1,"href":"https:\/\/www.federacao-triatlo.pt\/ftp2015\/wp-json\/wp\/v2\/posts\/102986\/revisions"}],"predecessor-version":[{"id":102990,"href":"https:\/\/www.federacao-triatlo.pt\/ftp2015\/wp-json\/wp\/v2\/posts\/102986\/revisions\/102990"}],"wp:featuredmedia":[{"embeddable":true,"href":"https:\/\/www.federacao-triatlo.pt\/ftp2015\/wp-json\/wp\/v2\/media\/102988"}],"wp:attachment":[{"href":"https:\/\/www.federacao-triatlo.pt\/ftp2015\/wp-json\/wp\/v2\/media?parent=102986"}],"wp:term":[{"taxonomy":"category","embeddable":true,"href":"https:\/\/www.federacao-triatlo.pt\/ftp2015\/wp-json\/wp\/v2\/categories?post=102986"},{"taxonomy":"post_tag","embeddable":true,"href":"https:\/\/www.federacao-triatlo.pt\/ftp2015\/wp-json\/wp\/v2\/tags?post=102986"}],"curies":[{"name":"wp","href":"https:\/\/api.w.org\/{rel}","templated":true}]}}