{"id":102921,"date":"2025-06-02T15:40:22","date_gmt":"2025-06-02T14:40:22","guid":{"rendered":"https:\/\/www.federacao-triatlo.pt\/ftp2015\/?p=102921"},"modified":"2025-06-05T09:55:35","modified_gmt":"2025-06-05T08:55:35","slug":"triatlo-cross-francois-vie-e-ines-raimundo-campeoes-nacionais-2","status":"publish","type":"post","link":"https:\/\/www.federacao-triatlo.pt\/ftp2015\/triatlo-cross-francois-vie-e-ines-raimundo-campeoes-nacionais-2\/","title":{"rendered":"Triatlo Cross: Fran\u00e7ois Vie e In\u00eas Raimundo campe\u00f5es nacionais"},"content":{"rendered":"<p>Francois Vie e In\u00eas Raimundo sagraram-se campe\u00f5es nacionais de triatlo cross, na prova disputada no passado s\u00e1bado (31 maio) na Goleg\u00e3.<\/p>\n<p>No sector masculino, Fran\u00e7ois Vie (SFRAA Triatlo) completou os 1.500 metros de nata\u00e7\u00e3o, 35km de bicicleta e 10km de corrida em 2h 55m 46s, seguido de Rui Dolores (AMICICLO Gr\u00e2ndola), que gastou cerca de mais tr\u00eas minutos, e de R\u00faben Ribeiro (Tri-Clube Penafiel) que fechou o p\u00f3dio.<\/p>\n<p>Entre as mulheres, In\u00eas Raimundo (Ass. Naval Amorense) terminou o percurso em 3h 31m 49s, sendo que o p\u00f3dio ficou completo com Lurdes Gon\u00e7alves (Individual) e Juliana Costa (SFRAA Triatlo).<\/p>\n<p>Em termos coletivos, a vit\u00f3ria ficou para o Outsystems Ol\u00edmpico de Oeiras no sector masculino, enquanto o SFRAA Triatlo triunfou no feminino.<\/p>\n<p>Todos os resultados<a href=\"https:\/\/multicrono.com\/v1\/xterra-portugal-2025-resultados\/#0_9B7596\"> aqui.<\/a><\/p>\n","protected":false},"excerpt":{"rendered":"<p>Francois Vie e In\u00eas Raimundo sagraram-se campe\u00f5es nacionais de triatlo [&hellip;]<\/p>\n","protected":false},"author":16153,"featured_media":102922,"comment_status":"closed","ping_status":"closed","sticky":false,"template":"","format":"standard","meta":{"footnotes":""},"categories":[9,2],"tags":[],"_links":{"self":[{"href":"https:\/\/www.federacao-triatlo.pt\/ftp2015\/wp-json\/wp\/v2\/posts\/102921"}],"collection":[{"href":"https:\/\/www.federacao-triatlo.pt\/ftp2015\/wp-json\/wp\/v2\/posts"}],"about":[{"href":"https:\/\/www.federacao-triatlo.pt\/ftp2015\/wp-json\/wp\/v2\/types\/post"}],"author":[{"embeddable":true,"href":"https:\/\/www.federacao-triatlo.pt\/ftp2015\/wp-json\/wp\/v2\/users\/16153"}],"replies":[{"embeddable":true,"href":"https:\/\/www.federacao-triatlo.pt\/ftp2015\/wp-json\/wp\/v2\/comments?post=102921"}],"version-history":[{"count":1,"href":"https:\/\/www.federacao-triatlo.pt\/ftp2015\/wp-json\/wp\/v2\/posts\/102921\/revisions"}],"predecessor-version":[{"id":102924,"href":"https:\/\/www.federacao-triatlo.pt\/ftp2015\/wp-json\/wp\/v2\/posts\/102921\/revisions\/102924"}],"wp:featuredmedia":[{"embeddable":true,"href":"https:\/\/www.federacao-triatlo.pt\/ftp2015\/wp-json\/wp\/v2\/media\/102922"}],"wp:attachment":[{"href":"https:\/\/www.federacao-triatlo.pt\/ftp2015\/wp-json\/wp\/v2\/media?parent=102921"}],"wp:term":[{"taxonomy":"category","embeddable":true,"href":"https:\/\/www.federacao-triatlo.pt\/ftp2015\/wp-json\/wp\/v2\/categories?post=102921"},{"taxonomy":"post_tag","embeddable":true,"href":"https:\/\/www.federacao-triatlo.pt\/ftp2015\/wp-json\/wp\/v2\/tags?post=102921"}],"curies":[{"name":"wp","href":"https:\/\/api.w.org\/{rel}","templated":true}]}}