{"id":102882,"date":"2025-05-28T14:18:04","date_gmt":"2025-05-28T13:18:04","guid":{"rendered":"https:\/\/www.federacao-triatlo.pt\/ftp2015\/?p=102882"},"modified":"2025-05-29T12:38:21","modified_gmt":"2025-05-29T11:38:21","slug":"mundial-vilaca-e-batista-chegam-a-italia-no-top-5","status":"publish","type":"post","link":"https:\/\/www.federacao-triatlo.pt\/ftp2015\/mundial-vilaca-e-batista-chegam-a-italia-no-top-5\/","title":{"rendered":"Mundial: Vila\u00e7a e Batista chegam a It\u00e1lia no top-5"},"content":{"rendered":"<p>Vasco Vila\u00e7a e Ricardo Batista est\u00e3o entre os cinco primeiros classificados do Campeonato do Mundo de Triatlo, decorridas duas provas. Vila\u00e7a chega a Alghero, em It\u00e1lia, onde de discute a terceira etapa do mundial, no segundo lugar, enquanto Ricardo Batista \u00e9 quarto classificado numa tabela liderada por Matthew Hauser (Asutr\u00e1lia).<\/p>\n<p>Para al\u00e9m destes dois triatletas, a sele\u00e7\u00e3o estar\u00e1 representada em It\u00e1lia por Maria Tom\u00e9, que compete \u00e0s 10h30 de s\u00e1bado, 31 de maio, enquanto Miguel Tiago Silva junta-se a Vila\u00e7a e Batista na prova masculina que ter\u00e1 in\u00edcio \u00e0s 14h45 (horas portuguesas).<\/p>\n<p>No dia seguinte, domingo, ser\u00e1 a vez de Mariana Vargem competir na Ta\u00e7a da Europa de Kielce, na Pol\u00f3nia, a partir das 7h30 da manh\u00e3.<\/p>\n","protected":false},"excerpt":{"rendered":"<p>Vasco Vila\u00e7a e Ricardo Batista est\u00e3o entre os cinco primeiros [&hellip;]<\/p>\n","protected":false},"author":16153,"featured_media":102883,"comment_status":"closed","ping_status":"closed","sticky":false,"template":"","format":"standard","meta":{"footnotes":""},"categories":[9,2],"tags":[],"_links":{"self":[{"href":"https:\/\/www.federacao-triatlo.pt\/ftp2015\/wp-json\/wp\/v2\/posts\/102882"}],"collection":[{"href":"https:\/\/www.federacao-triatlo.pt\/ftp2015\/wp-json\/wp\/v2\/posts"}],"about":[{"href":"https:\/\/www.federacao-triatlo.pt\/ftp2015\/wp-json\/wp\/v2\/types\/post"}],"author":[{"embeddable":true,"href":"https:\/\/www.federacao-triatlo.pt\/ftp2015\/wp-json\/wp\/v2\/users\/16153"}],"replies":[{"embeddable":true,"href":"https:\/\/www.federacao-triatlo.pt\/ftp2015\/wp-json\/wp\/v2\/comments?post=102882"}],"version-history":[{"count":3,"href":"https:\/\/www.federacao-triatlo.pt\/ftp2015\/wp-json\/wp\/v2\/posts\/102882\/revisions"}],"predecessor-version":[{"id":102891,"href":"https:\/\/www.federacao-triatlo.pt\/ftp2015\/wp-json\/wp\/v2\/posts\/102882\/revisions\/102891"}],"wp:featuredmedia":[{"embeddable":true,"href":"https:\/\/www.federacao-triatlo.pt\/ftp2015\/wp-json\/wp\/v2\/media\/102883"}],"wp:attachment":[{"href":"https:\/\/www.federacao-triatlo.pt\/ftp2015\/wp-json\/wp\/v2\/media?parent=102882"}],"wp:term":[{"taxonomy":"category","embeddable":true,"href":"https:\/\/www.federacao-triatlo.pt\/ftp2015\/wp-json\/wp\/v2\/categories?post=102882"},{"taxonomy":"post_tag","embeddable":true,"href":"https:\/\/www.federacao-triatlo.pt\/ftp2015\/wp-json\/wp\/v2\/tags?post=102882"}],"curies":[{"name":"wp","href":"https:\/\/api.w.org\/{rel}","templated":true}]}}