{"id":102865,"date":"2025-05-26T11:31:38","date_gmt":"2025-05-26T10:31:38","guid":{"rendered":"https:\/\/www.federacao-triatlo.pt\/ftp2015\/?p=102865"},"modified":"2025-05-26T11:33:33","modified_gmt":"2025-05-26T10:33:33","slug":"taca-da-europa-madalena-almeida-a-beira-do-top-1o-na-polonia","status":"publish","type":"post","link":"https:\/\/www.federacao-triatlo.pt\/ftp2015\/taca-da-europa-madalena-almeida-a-beira-do-top-1o-na-polonia\/","title":{"rendered":"Ta\u00e7a da Europa: Madalena Almeida \u00e0 beira do Top-1O na Pol\u00f3nia"},"content":{"rendered":"<p>Madalena Almeida alcan\u00e7ou o 11\u00ba primeiro posto na Ta\u00e7a da Europa de Olstzyn, na Pol\u00f3nia. A triatleta portuguesa terminou a prova a 15 segundos de entrar no top-10. A italiana Carlota Missaglia foi a vencedora.<\/p>\n<p>Entre as restantes triatletas portuguesas participantes, In\u00eas Rico foi 19\u00aa classificada, enquanto Mariana Vargem terminou na 30\u00aa posi\u00e7\u00e3o.<\/p>\n<p>No sector masculino, Jo\u00e3o Mansos liderou a armada lusitana, terminando a prova no 20\u00ba lugar, enquanto Jo\u00e3o Canadas foi 48\u00ba e Jo\u00e3o Dias 56\u00ba.<\/p>\n<p>A prova polaca foi disputada tamb\u00e9m na variante de juniores. Destaque para a prova de Cassilda Carvalho que terminou no s\u00e9timo posto, a 1 minuto e 37 segundos da vencedora, a su\u00ed\u00e7a Anou Danna. Dentro do top-10, com o nono posto, terminou Sofia Sousa, enquanto Catarina Santos foi 15\u00aa classificada e Marta Ribeiro terminou na 21\u00aa posi\u00e7\u00e3o.<\/p>\n<p>Entre os homens mais novos, a melhor classifica\u00e7\u00e3o nacional foi o nono posto de Tom\u00e1s Figueiredo, numa prova ganha pelo su\u00ed\u00e7o Thibault Rivier. A restante armada lusitana saiu da Pol\u00f3nia com o 19\u00ba posto de Rodrigo Pissara, o 26\u00ba de Rodrigo Neves e o 37\u00ba de Jos\u00e9 Ferreira.<\/p>\n<p>&nbsp;<\/p>\n<p>&nbsp;<\/p>\n","protected":false},"excerpt":{"rendered":"<p>Madalena Almeida alcan\u00e7ou o 11\u00ba primeiro posto na Ta\u00e7a da [&hellip;]<\/p>\n","protected":false},"author":16153,"featured_media":102866,"comment_status":"closed","ping_status":"closed","sticky":false,"template":"","format":"standard","meta":{"footnotes":""},"categories":[2],"tags":[],"_links":{"self":[{"href":"https:\/\/www.federacao-triatlo.pt\/ftp2015\/wp-json\/wp\/v2\/posts\/102865"}],"collection":[{"href":"https:\/\/www.federacao-triatlo.pt\/ftp2015\/wp-json\/wp\/v2\/posts"}],"about":[{"href":"https:\/\/www.federacao-triatlo.pt\/ftp2015\/wp-json\/wp\/v2\/types\/post"}],"author":[{"embeddable":true,"href":"https:\/\/www.federacao-triatlo.pt\/ftp2015\/wp-json\/wp\/v2\/users\/16153"}],"replies":[{"embeddable":true,"href":"https:\/\/www.federacao-triatlo.pt\/ftp2015\/wp-json\/wp\/v2\/comments?post=102865"}],"version-history":[{"count":2,"href":"https:\/\/www.federacao-triatlo.pt\/ftp2015\/wp-json\/wp\/v2\/posts\/102865\/revisions"}],"predecessor-version":[{"id":102868,"href":"https:\/\/www.federacao-triatlo.pt\/ftp2015\/wp-json\/wp\/v2\/posts\/102865\/revisions\/102868"}],"wp:featuredmedia":[{"embeddable":true,"href":"https:\/\/www.federacao-triatlo.pt\/ftp2015\/wp-json\/wp\/v2\/media\/102866"}],"wp:attachment":[{"href":"https:\/\/www.federacao-triatlo.pt\/ftp2015\/wp-json\/wp\/v2\/media?parent=102865"}],"wp:term":[{"taxonomy":"category","embeddable":true,"href":"https:\/\/www.federacao-triatlo.pt\/ftp2015\/wp-json\/wp\/v2\/categories?post=102865"},{"taxonomy":"post_tag","embeddable":true,"href":"https:\/\/www.federacao-triatlo.pt\/ftp2015\/wp-json\/wp\/v2\/tags?post=102865"}],"curies":[{"name":"wp","href":"https:\/\/api.w.org\/{rel}","templated":true}]}}