{"id":102815,"date":"2025-05-22T14:06:05","date_gmt":"2025-05-22T13:06:05","guid":{"rendered":"https:\/\/www.federacao-triatlo.pt\/ftp2015\/?p=102815"},"modified":"2025-05-22T14:07:11","modified_gmt":"2025-05-22T13:07:11","slug":"grupos-de-idade-dois-ouros-e-uma-prata-nos-europeus-de-pamplona","status":"publish","type":"post","link":"https:\/\/www.federacao-triatlo.pt\/ftp2015\/grupos-de-idade-dois-ouros-e-uma-prata-nos-europeus-de-pamplona\/","title":{"rendered":"Grupos de Idade: Dois ouros e uma prata nos Europeus de Pamplona"},"content":{"rendered":"<p>Portugal garantiu duas medalhas de ouro e uma de prata nos campeonatos da Europa de M\u00e9dia Dist\u00e2ncia, Aquatlo e Aquabike que se disputaram, entre 15 e 17 de maio, em Pamplona, Espanha.<\/p>\n<p>Na prova de Triatlo de M\u00e9dia Dist\u00e2ncia, Lu\u00eds Diogo Santos garantiu o primeiro lugar do p\u00f3dio no grupo de idade 50-54, enquanto Carlos Silva foi segundo entre os 60-64 anos. A outra medalha de ouro foi conquistada por Carolina Silva, no Aquatlo, no grupo de idade dos 35-39.<\/p>\n<p>Portugal fez-se representar em Pamplona por 14 atletas.<\/p>\n<p>Tamb\u00e9m queres queres representar Portugal em provas internacionais? <a href=\"https:\/\/www.federacao-triatlo.pt\/ftp2015\/queres-representar-portugal-inscricoes-abertas\/\">V\u00ea aqui como deves fazer.\u00a0<\/a><\/p>\n","protected":false},"excerpt":{"rendered":"<p>Portugal garantiu duas medalhas de ouro e uma de prata [&hellip;]<\/p>\n","protected":false},"author":16153,"featured_media":102817,"comment_status":"closed","ping_status":"closed","sticky":false,"template":"","format":"standard","meta":{"footnotes":""},"categories":[335,2],"tags":[],"_links":{"self":[{"href":"https:\/\/www.federacao-triatlo.pt\/ftp2015\/wp-json\/wp\/v2\/posts\/102815"}],"collection":[{"href":"https:\/\/www.federacao-triatlo.pt\/ftp2015\/wp-json\/wp\/v2\/posts"}],"about":[{"href":"https:\/\/www.federacao-triatlo.pt\/ftp2015\/wp-json\/wp\/v2\/types\/post"}],"author":[{"embeddable":true,"href":"https:\/\/www.federacao-triatlo.pt\/ftp2015\/wp-json\/wp\/v2\/users\/16153"}],"replies":[{"embeddable":true,"href":"https:\/\/www.federacao-triatlo.pt\/ftp2015\/wp-json\/wp\/v2\/comments?post=102815"}],"version-history":[{"count":1,"href":"https:\/\/www.federacao-triatlo.pt\/ftp2015\/wp-json\/wp\/v2\/posts\/102815\/revisions"}],"predecessor-version":[{"id":102816,"href":"https:\/\/www.federacao-triatlo.pt\/ftp2015\/wp-json\/wp\/v2\/posts\/102815\/revisions\/102816"}],"wp:featuredmedia":[{"embeddable":true,"href":"https:\/\/www.federacao-triatlo.pt\/ftp2015\/wp-json\/wp\/v2\/media\/102817"}],"wp:attachment":[{"href":"https:\/\/www.federacao-triatlo.pt\/ftp2015\/wp-json\/wp\/v2\/media?parent=102815"}],"wp:term":[{"taxonomy":"category","embeddable":true,"href":"https:\/\/www.federacao-triatlo.pt\/ftp2015\/wp-json\/wp\/v2\/categories?post=102815"},{"taxonomy":"post_tag","embeddable":true,"href":"https:\/\/www.federacao-triatlo.pt\/ftp2015\/wp-json\/wp\/v2\/tags?post=102815"}],"curies":[{"name":"wp","href":"https:\/\/api.w.org\/{rel}","templated":true}]}}