{"id":102799,"date":"2025-05-19T14:06:23","date_gmt":"2025-05-19T13:06:23","guid":{"rendered":"https:\/\/www.federacao-triatlo.pt\/ftp2015\/?p=102799"},"modified":"2026-01-26T15:32:22","modified_gmt":"2026-01-26T15:32:22","slug":"mundial-vasco-vilaca-de-prata-em-yokohama","status":"publish","type":"post","link":"https:\/\/www.federacao-triatlo.pt\/ftp2015\/mundial-vasco-vilaca-de-prata-em-yokohama\/","title":{"rendered":"Mundial: Vasco Vila\u00e7a de prata em Yokohama"},"content":{"rendered":"<p>Vasco Vila\u00e7a garantiu a medalha de prata em Yokohama, no Jap\u00e3o, na segunda prova do Campeonato do Mundo, sendo apenas vencido, j\u00e1 nos metros finais, pelo australiano Matthew Hauser.<\/p>\n<blockquote><p>&#8220;Conseguimos adaptar-nos bastante bem \u00e0 diferen\u00e7a hor\u00e1ria, o que permitiu termos uma semana onde trein\u00e1mos bem para chegarmos em boas condi\u00e7\u00f5es ao dia da prova. Protegi-me no ciclismo com medo das quedas, mas quando cheg\u00e1mos ao \u00faltimo segmento fui para a frente porque sabia que estava com uma corrida muito forte e isso deu para deixar todos para tr\u00e1s, menos o atleta australiano, que tendo estado atr\u00e1s de mim a corrida toda, tinha ali um extra para o sprint final. Consegui o segundo lugar, o que me permite continuar nesta luta pelo p\u00f3dio no campeonato do mundo&#8221;, sublinhou Vasco Vila\u00e7a.<\/p><\/blockquote>\n<p>Vila\u00e7a cumpriu o percurso em 1:41.14 horas, mais seis segundos do que o vencedor, numa prova em que o outro portugu\u00eas presente, Ricardo Batista, cortou a meta no s\u00e9timo posto, a 1.04 minutos do triatleta australiano.<\/p>\n<blockquote><p>Foi uma prova muito dura, com duas horas a competir com muita chuva e vento. Senti-me sempre bastante bem, o que me surpreendeu. N\u00e3o estava \u00e0 espera de sair do Jap\u00e3o com um resultado t\u00e3o bom. Saio daqui com a cabe\u00e7a erguida para enfrentar a prova italiana daqui a duas semanas&#8221;, resumiu Ricardo Batista.<\/p><\/blockquote>\n<p>No sector feminino, Maria Tom\u00e9 concluiu a prova no 10.\u00ba posto, em 1:52.42 horas, mais 1.18 minutos do que a vencedora, a luxemburguesa Jeanne Lehair.<\/p>\n<blockquote><p>&#8220;Estou super contente, foi o meu melhor resultado de sempre numa etapa do mundial. As condi\u00e7\u00f5es n\u00e3o estavam as ideais, mas fiz uma prova muito consistente. Acho que ainda n\u00e3o acredito, explicou Maria Tom\u00e9.<\/p><\/blockquote>\n<p>Com mais este segundo lugar, Vila\u00e7a mant\u00e9m o bom in\u00edcio de temporada, depois de j\u00e1 ter sido terceiro na ronda inaugural do Campeonato do Mundo, disputada em Abu Dhabi, sendo agora segundo classificado do ranking, com 1.566,72 pontos, apenas superado por Hauser, que lidera com 1.693,75.<\/p>\n<p>Ap\u00f3s o seu s\u00e9timo lugar, Ricardo Batista surge na quarta posi\u00e7\u00e3o do ranking, com 1.134,29, enquanto Maria Tom\u00e9, que efetuou o seu primeiro evento, \u00e9 16.\u00aa na classifica\u00e7\u00e3o feminina, com 495,76.<\/p>\n","protected":false},"excerpt":{"rendered":"<p>Vasco Vila\u00e7a garantiu a medalha de prata em Yokohama, no [&hellip;]<\/p>\n","protected":false},"author":16153,"featured_media":102801,"comment_status":"closed","ping_status":"closed","sticky":false,"template":"","format":"standard","meta":{"footnotes":""},"categories":[9,2],"tags":[],"_links":{"self":[{"href":"https:\/\/www.federacao-triatlo.pt\/ftp2015\/wp-json\/wp\/v2\/posts\/102799"}],"collection":[{"href":"https:\/\/www.federacao-triatlo.pt\/ftp2015\/wp-json\/wp\/v2\/posts"}],"about":[{"href":"https:\/\/www.federacao-triatlo.pt\/ftp2015\/wp-json\/wp\/v2\/types\/post"}],"author":[{"embeddable":true,"href":"https:\/\/www.federacao-triatlo.pt\/ftp2015\/wp-json\/wp\/v2\/users\/16153"}],"replies":[{"embeddable":true,"href":"https:\/\/www.federacao-triatlo.pt\/ftp2015\/wp-json\/wp\/v2\/comments?post=102799"}],"version-history":[{"count":2,"href":"https:\/\/www.federacao-triatlo.pt\/ftp2015\/wp-json\/wp\/v2\/posts\/102799\/revisions"}],"predecessor-version":[{"id":102810,"href":"https:\/\/www.federacao-triatlo.pt\/ftp2015\/wp-json\/wp\/v2\/posts\/102799\/revisions\/102810"}],"wp:featuredmedia":[{"embeddable":true,"href":"https:\/\/www.federacao-triatlo.pt\/ftp2015\/wp-json\/wp\/v2\/media\/102801"}],"wp:attachment":[{"href":"https:\/\/www.federacao-triatlo.pt\/ftp2015\/wp-json\/wp\/v2\/media?parent=102799"}],"wp:term":[{"taxonomy":"category","embeddable":true,"href":"https:\/\/www.federacao-triatlo.pt\/ftp2015\/wp-json\/wp\/v2\/categories?post=102799"},{"taxonomy":"post_tag","embeddable":true,"href":"https:\/\/www.federacao-triatlo.pt\/ftp2015\/wp-json\/wp\/v2\/tags?post=102799"}],"curies":[{"name":"wp","href":"https:\/\/api.w.org\/{rel}","templated":true}]}}