{"id":102651,"date":"2025-05-12T12:34:07","date_gmt":"2025-05-12T11:34:07","guid":{"rendered":"https:\/\/www.federacao-triatlo.pt\/ftp2015\/?p=102651"},"modified":"2025-05-12T13:43:54","modified_gmt":"2025-05-12T12:43:54","slug":"triatlo-sprint-joao-mansos-e-mariana-vargem-campeoes-nacionais","status":"publish","type":"post","link":"https:\/\/www.federacao-triatlo.pt\/ftp2015\/triatlo-sprint-joao-mansos-e-mariana-vargem-campeoes-nacionais\/","title":{"rendered":"Triatlo Sprint: Jo\u00e3o Mansos e Mariana Vargem campe\u00f5es nacionais"},"content":{"rendered":"<p>Jo\u00e3o Mansos e Mariana Vargem s\u00e3o os novos campe\u00f5es nacionais de triatlo sprint, ao vencerem a prova disputada este domingo (11 de maio), em Oeiras, onde participaram mais de 1.100 atletas.<\/p>\n<p>No sector feminino, Mariana Vargem, do clube Ludens Machico, fez uma corrida de tr\u00e1s para a frente e superiorizou-se \u00e0 concorr\u00eancia nos \u00faltimos quil\u00f3metros. O p\u00f3dio ficou completo com Cassilda Carvalho (CN Torres Novas), ainda em idade j\u00fanior, a garantir o segundo lugar, enquanto In\u00eas Rico (OutSystems\u00a0Ol\u00edmpico de Oeiras) foi terceira.<\/p>\n<p>Entre os homens, Jo\u00e3o Mansos (Sporting CP) deixou a concorr\u00eancia para tr\u00e1s na \u00faltima volta do segmento de corrida. O le\u00e3o de alvalade completou os 750m de nata\u00e7\u00e3o, 2okm de ciclismo e 10km de corrida em 00:53:29, terminando Gustavo do Canto (CN Torres Novas) e Pedro Gaspar (Outsystems Ol\u00edmpico de Oeiras) na segunda e terceira posi\u00e7\u00f5es, respetivamente.<\/p>\n<p>A prova de Oeiras definiu tamb\u00e9m os campe\u00f5es nacionais de paratriatlo:<\/p>\n<p><strong>PTVI &#8211;<\/strong> Rodolfo Alves (Ludens Machico &#8211; Hosp. Particular da Madeira<\/p>\n<p><strong>PTS5 &#8211;<\/strong> Filipe Marques e Ana Duarte (Sporting CP)<\/p>\n<p><strong>PTS3 &#8211;<\/strong> Jos\u00e9 Manuel Mendon\u00e7a )<\/p>\n<p><strong>PTHI &#8211;<\/strong> Jo\u00e3o Santos (Individual)<\/p>\n<p>No escal\u00e3o de juniores, os t\u00edtulos ficaram nas m\u00e3os de Cassilda Carvalho (CN Torres Novas) e Jos\u00e9 Ferreira (Sporting CP).<\/p>\n<p>Todos os resultados aqui:<\/p>\n<div class=\"video-shortcode\">\n<blockquote class=\"wp-embedded-content\" data-secret=\"zUPKEqZH2D\"><p><a href=\"https:\/\/www.federacao-triatlo.pt\/ftp2015\/competicoes\/resultados\/resultados-2025\/\">Resultados 2025<\/a><\/p><\/blockquote>\n<p><iframe class=\"wp-embedded-content\" sandbox=\"allow-scripts\" security=\"restricted\" style=\"position: absolute; clip: rect(1px, 1px, 1px, 1px);\" title=\"&#8220;Resultados 2025&#8221; &#8212; Federa\u00e7\u00e3o de Triatlo de Portugal\" src=\"https:\/\/www.federacao-triatlo.pt\/ftp2015\/competicoes\/resultados\/resultados-2025\/embed\/#?secret=w8y2pZH6hf#?secret=zUPKEqZH2D\" data-secret=\"zUPKEqZH2D\" width=\"600\" height=\"338\" frameborder=\"0\" marginwidth=\"0\" marginheight=\"0\" scrolling=\"no\"><\/iframe><\/div>\n<p>&nbsp;<\/p>\n","protected":false},"excerpt":{"rendered":"<p>Jo\u00e3o Mansos e Mariana Vargem s\u00e3o os novos campe\u00f5es nacionais [&hellip;]<\/p>\n","protected":false},"author":16153,"featured_media":102652,"comment_status":"closed","ping_status":"closed","sticky":false,"template":"","format":"standard","meta":{"footnotes":""},"categories":[9,2],"tags":[],"_links":{"self":[{"href":"https:\/\/www.federacao-triatlo.pt\/ftp2015\/wp-json\/wp\/v2\/posts\/102651"}],"collection":[{"href":"https:\/\/www.federacao-triatlo.pt\/ftp2015\/wp-json\/wp\/v2\/posts"}],"about":[{"href":"https:\/\/www.federacao-triatlo.pt\/ftp2015\/wp-json\/wp\/v2\/types\/post"}],"author":[{"embeddable":true,"href":"https:\/\/www.federacao-triatlo.pt\/ftp2015\/wp-json\/wp\/v2\/users\/16153"}],"replies":[{"embeddable":true,"href":"https:\/\/www.federacao-triatlo.pt\/ftp2015\/wp-json\/wp\/v2\/comments?post=102651"}],"version-history":[{"count":3,"href":"https:\/\/www.federacao-triatlo.pt\/ftp2015\/wp-json\/wp\/v2\/posts\/102651\/revisions"}],"predecessor-version":[{"id":102659,"href":"https:\/\/www.federacao-triatlo.pt\/ftp2015\/wp-json\/wp\/v2\/posts\/102651\/revisions\/102659"}],"wp:featuredmedia":[{"embeddable":true,"href":"https:\/\/www.federacao-triatlo.pt\/ftp2015\/wp-json\/wp\/v2\/media\/102652"}],"wp:attachment":[{"href":"https:\/\/www.federacao-triatlo.pt\/ftp2015\/wp-json\/wp\/v2\/media?parent=102651"}],"wp:term":[{"taxonomy":"category","embeddable":true,"href":"https:\/\/www.federacao-triatlo.pt\/ftp2015\/wp-json\/wp\/v2\/categories?post=102651"},{"taxonomy":"post_tag","embeddable":true,"href":"https:\/\/www.federacao-triatlo.pt\/ftp2015\/wp-json\/wp\/v2\/tags?post=102651"}],"curies":[{"name":"wp","href":"https:\/\/api.w.org\/{rel}","templated":true}]}}