{"id":102629,"date":"2025-05-06T10:43:03","date_gmt":"2025-05-06T09:43:03","guid":{"rendered":"https:\/\/www.federacao-triatlo.pt\/ftp2015\/?p=102629"},"modified":"2025-05-06T10:43:03","modified_gmt":"2025-05-06T09:43:03","slug":"fair-play-treinadores-dos-mais-novos-recebem-cartao-branco","status":"publish","type":"post","link":"https:\/\/www.federacao-triatlo.pt\/ftp2015\/fair-play-treinadores-dos-mais-novos-recebem-cartao-branco\/","title":{"rendered":"Fair Play: Treinadores dos mais novos recebem cart\u00e3o branco"},"content":{"rendered":"<p>Os treinadores dos escal\u00f5es jovens que estiveram presentes no Aquatlo de Monte Gordo, no passado s\u00e1bado (3 de maio), foram distinguidos com o Cart\u00e3o Branco pelo facto de se terem mobilizado para organizar uma corrida na sequ\u00eancia do cancelamento da prova.<\/p>\n<p>As condi\u00e7\u00f5es do mar n\u00e3o permitiram a realiza\u00e7\u00e3o do aquatlo, mas n\u00e3o foi por isso que as festa n\u00e3o aconteceu. Os treinadores ajudaram a organizar uma corrida alternativa que terminou com a distribui\u00e7\u00e3o dos brindes aos jovens triatletas.<\/p>\n<p>O Cart\u00e3o Branco \u00e9 um recurso pedag\u00f3gico que visa enaltecer condutas eticamente corretas, praticadas por atletas, treinadores, dirigentes, p\u00fablico e outros agentes desportivos.<\/p>\n<p>&nbsp;<\/p>\n<p>&nbsp;<\/p>\n","protected":false},"excerpt":{"rendered":"<p>Os treinadores dos escal\u00f5es jovens que estiveram presentes no Aquatlo [&hellip;]<\/p>\n","protected":false},"author":16153,"featured_media":102630,"comment_status":"closed","ping_status":"closed","sticky":false,"template":"","format":"standard","meta":{"footnotes":""},"categories":[2],"tags":[],"_links":{"self":[{"href":"https:\/\/www.federacao-triatlo.pt\/ftp2015\/wp-json\/wp\/v2\/posts\/102629"}],"collection":[{"href":"https:\/\/www.federacao-triatlo.pt\/ftp2015\/wp-json\/wp\/v2\/posts"}],"about":[{"href":"https:\/\/www.federacao-triatlo.pt\/ftp2015\/wp-json\/wp\/v2\/types\/post"}],"author":[{"embeddable":true,"href":"https:\/\/www.federacao-triatlo.pt\/ftp2015\/wp-json\/wp\/v2\/users\/16153"}],"replies":[{"embeddable":true,"href":"https:\/\/www.federacao-triatlo.pt\/ftp2015\/wp-json\/wp\/v2\/comments?post=102629"}],"version-history":[{"count":1,"href":"https:\/\/www.federacao-triatlo.pt\/ftp2015\/wp-json\/wp\/v2\/posts\/102629\/revisions"}],"predecessor-version":[{"id":102634,"href":"https:\/\/www.federacao-triatlo.pt\/ftp2015\/wp-json\/wp\/v2\/posts\/102629\/revisions\/102634"}],"wp:featuredmedia":[{"embeddable":true,"href":"https:\/\/www.federacao-triatlo.pt\/ftp2015\/wp-json\/wp\/v2\/media\/102630"}],"wp:attachment":[{"href":"https:\/\/www.federacao-triatlo.pt\/ftp2015\/wp-json\/wp\/v2\/media?parent=102629"}],"wp:term":[{"taxonomy":"category","embeddable":true,"href":"https:\/\/www.federacao-triatlo.pt\/ftp2015\/wp-json\/wp\/v2\/categories?post=102629"},{"taxonomy":"post_tag","embeddable":true,"href":"https:\/\/www.federacao-triatlo.pt\/ftp2015\/wp-json\/wp\/v2\/tags?post=102629"}],"curies":[{"name":"wp","href":"https:\/\/api.w.org\/{rel}","templated":true}]}}