{"id":102605,"date":"2025-05-03T12:58:10","date_gmt":"2025-05-03T11:58:10","guid":{"rendered":"https:\/\/www.federacao-triatlo.pt\/ftp2015\/?p=102605"},"modified":"2025-05-03T16:54:40","modified_gmt":"2025-05-03T15:54:40","slug":"aquatlo-jovem-de-monte-gordo-cancelado","status":"publish","type":"post","link":"https:\/\/www.federacao-triatlo.pt\/ftp2015\/aquatlo-jovem-de-monte-gordo-cancelado\/","title":{"rendered":"Aquatlo Jovem de Monte Gordo Cancelado"},"content":{"rendered":"<p>Devido a condi\u00e7\u00f5es atmosf\u00e9ricas adversas no segmento de nata\u00e7\u00e3o, a prova do Aquatlo Jovem de Monte Gordo foi cancelada.<\/p>\n","protected":false},"excerpt":{"rendered":"<p>Devido a condi\u00e7\u00f5es atmosf\u00e9ricas adversas no segmento de nata\u00e7\u00e3o, a [&hellip;]<\/p>\n","protected":false},"author":18065,"featured_media":102612,"comment_status":"closed","ping_status":"closed","sticky":false,"template":"","format":"standard","meta":{"footnotes":""},"categories":[2],"tags":[],"_links":{"self":[{"href":"https:\/\/www.federacao-triatlo.pt\/ftp2015\/wp-json\/wp\/v2\/posts\/102605"}],"collection":[{"href":"https:\/\/www.federacao-triatlo.pt\/ftp2015\/wp-json\/wp\/v2\/posts"}],"about":[{"href":"https:\/\/www.federacao-triatlo.pt\/ftp2015\/wp-json\/wp\/v2\/types\/post"}],"author":[{"embeddable":true,"href":"https:\/\/www.federacao-triatlo.pt\/ftp2015\/wp-json\/wp\/v2\/users\/18065"}],"replies":[{"embeddable":true,"href":"https:\/\/www.federacao-triatlo.pt\/ftp2015\/wp-json\/wp\/v2\/comments?post=102605"}],"version-history":[{"count":1,"href":"https:\/\/www.federacao-triatlo.pt\/ftp2015\/wp-json\/wp\/v2\/posts\/102605\/revisions"}],"predecessor-version":[{"id":102607,"href":"https:\/\/www.federacao-triatlo.pt\/ftp2015\/wp-json\/wp\/v2\/posts\/102605\/revisions\/102607"}],"wp:featuredmedia":[{"embeddable":true,"href":"https:\/\/www.federacao-triatlo.pt\/ftp2015\/wp-json\/wp\/v2\/media\/102612"}],"wp:attachment":[{"href":"https:\/\/www.federacao-triatlo.pt\/ftp2015\/wp-json\/wp\/v2\/media?parent=102605"}],"wp:term":[{"taxonomy":"category","embeddable":true,"href":"https:\/\/www.federacao-triatlo.pt\/ftp2015\/wp-json\/wp\/v2\/categories?post=102605"},{"taxonomy":"post_tag","embeddable":true,"href":"https:\/\/www.federacao-triatlo.pt\/ftp2015\/wp-json\/wp\/v2\/tags?post=102605"}],"curies":[{"name":"wp","href":"https:\/\/api.w.org\/{rel}","templated":true}]}}