{"id":102576,"date":"2025-04-30T10:23:58","date_gmt":"2025-04-30T09:23:58","guid":{"rendered":"https:\/\/www.federacao-triatlo.pt\/ftp2015\/?p=102576"},"modified":"2025-05-03T16:36:30","modified_gmt":"2025-05-03T15:36:30","slug":"triatlo-bate-recorde-de-licenciados-pelo-segundo-ano-consecutivo","status":"publish","type":"post","link":"https:\/\/www.federacao-triatlo.pt\/ftp2015\/triatlo-bate-recorde-de-licenciados-pelo-segundo-ano-consecutivo\/","title":{"rendered":"Triatlo bate recorde de licenciados pelo segundo ano consecutivo"},"content":{"rendered":"<p>Est\u00e1 batido, pelo segundo ano consecutivo, o recorde de atletas licenciados na Federa\u00e7\u00e3o de Triatlo de Portugal: 3.898. Um n\u00famero que supera, ainda com mais de metade da \u00e9poca por cumprir, os 3.875 registados no ano de 2024.<\/p>\n<blockquote><p><em>\u201cEste \u00e9 um sinal evidente de que o triatlo deixou de ser apenas uma moda tempor\u00e1ria e passou a ser a rotina de cada vez mais gente. Temos de estar conscientes de que estes n\u00fameros s\u00e3o um orgulho, mas tamb\u00e9m uma enorme responsabilidade para a Federa\u00e7\u00e3o de Triatlo de Portugal\u00a0 (FTP) e para os v\u00e1rios agentes da modalidade. \u00c9 preciso continuar a trabalhar para que estes n\u00fameros n\u00e3o parem de crescer&#8221;, <\/em>explica Fernando Feij\u00e3o, presidente da FTP.<\/p><\/blockquote>\n<p>Quer licenciar-se na FTP? Aqui fica <a href=\"https:\/\/www.federacao-triatlo.pt\/ftp2015\/clubes-e-atletas\/clubes\/\">a lista de clube<\/a>s que podem ser \u00fateis no processo.<\/p>\n","protected":false},"excerpt":{"rendered":"<p>Est\u00e1 batido, pelo segundo ano consecutivo, o recorde de atletas [&hellip;]<\/p>\n","protected":false},"author":16153,"featured_media":78502,"comment_status":"closed","ping_status":"closed","sticky":false,"template":"","format":"standard","meta":{"footnotes":""},"categories":[9,2],"tags":[],"_links":{"self":[{"href":"https:\/\/www.federacao-triatlo.pt\/ftp2015\/wp-json\/wp\/v2\/posts\/102576"}],"collection":[{"href":"https:\/\/www.federacao-triatlo.pt\/ftp2015\/wp-json\/wp\/v2\/posts"}],"about":[{"href":"https:\/\/www.federacao-triatlo.pt\/ftp2015\/wp-json\/wp\/v2\/types\/post"}],"author":[{"embeddable":true,"href":"https:\/\/www.federacao-triatlo.pt\/ftp2015\/wp-json\/wp\/v2\/users\/16153"}],"replies":[{"embeddable":true,"href":"https:\/\/www.federacao-triatlo.pt\/ftp2015\/wp-json\/wp\/v2\/comments?post=102576"}],"version-history":[{"count":1,"href":"https:\/\/www.federacao-triatlo.pt\/ftp2015\/wp-json\/wp\/v2\/posts\/102576\/revisions"}],"predecessor-version":[{"id":102577,"href":"https:\/\/www.federacao-triatlo.pt\/ftp2015\/wp-json\/wp\/v2\/posts\/102576\/revisions\/102577"}],"wp:featuredmedia":[{"embeddable":true,"href":"https:\/\/www.federacao-triatlo.pt\/ftp2015\/wp-json\/wp\/v2\/media\/78502"}],"wp:attachment":[{"href":"https:\/\/www.federacao-triatlo.pt\/ftp2015\/wp-json\/wp\/v2\/media?parent=102576"}],"wp:term":[{"taxonomy":"category","embeddable":true,"href":"https:\/\/www.federacao-triatlo.pt\/ftp2015\/wp-json\/wp\/v2\/categories?post=102576"},{"taxonomy":"post_tag","embeddable":true,"href":"https:\/\/www.federacao-triatlo.pt\/ftp2015\/wp-json\/wp\/v2\/tags?post=102576"}],"curies":[{"name":"wp","href":"https:\/\/api.w.org\/{rel}","templated":true}]}}