{"id":102561,"date":"2025-04-29T12:00:06","date_gmt":"2025-04-29T11:00:06","guid":{"rendered":"https:\/\/www.federacao-triatlo.pt\/ftp2015\/?p=102561"},"modified":"2025-04-29T12:04:02","modified_gmt":"2025-04-29T11:04:02","slug":"europeu-de-duatlo-todos-os-portugueses-no-top-10","status":"publish","type":"post","link":"https:\/\/www.federacao-triatlo.pt\/ftp2015\/europeu-de-duatlo-todos-os-portugueses-no-top-10\/","title":{"rendered":"Europeu de Duatlo: Todos os portugueses no Top-10"},"content":{"rendered":"<p>Os cinco representantes portugueses no Campeonato da Europa de Duatlo, disputado na Pol\u00f3nia no dia 26 de abril, terminaram as suas provas dentro do top10. Jos\u00e9 Ferreira, no escal\u00e3o de juniores, ficou mesmo a um passo do p\u00f3dio, terminando na quarta posi\u00e7\u00e3o.<\/p>\n<blockquote><p>&#8220;O que h\u00e1 a destacar desta participa\u00e7\u00e3o, para al\u00e9m dos resultados que nos d\u00e3o boas perspetivas de futuro, \u00e9 o compromisso destes jovens atletas. Sa\u00edmos todos da Pol\u00f3nia com a sensa\u00e7\u00e3o de que o trabalho deles vai dar frutos&#8221;, explica Bruno Pais, da Comiss\u00e3o T\u00e9cnica Nacional.<\/p><\/blockquote>\n<p>Portugal chegou \u00e0 Pol\u00f3nia com uma equipa muito jovem e voltou a casa com a mala carregada de esperan\u00e7a. No escal\u00e3o de sub-23, Margarida Bar\u00e3o terminou no quinto posto (16\u00aa de elites), enquanto Jo\u00e3o Vaz foi oitavo (22\u00ba de elites). Entre os juniores, os irm\u00e3os Ferreira chegaram separados por poucos segundos, com Afonso Ferreira a terminar no sexto lugar, enquanto Jos\u00e9 Ferreira foi quarto a cinco segundos da medalha de bronze. No sector feminino, Joana Alves tamb\u00e9m alcan\u00e7ou um lugar no top-10, terminando na 9\u00aa posi\u00e7\u00e3o.<\/p>\n","protected":false},"excerpt":{"rendered":"<p>Os cinco representantes portugueses no Campeonato da Europa de Duatlo, [&hellip;]<\/p>\n","protected":false},"author":16153,"featured_media":102573,"comment_status":"closed","ping_status":"closed","sticky":false,"template":"","format":"standard","meta":{"footnotes":""},"categories":[9,2],"tags":[],"_links":{"self":[{"href":"https:\/\/www.federacao-triatlo.pt\/ftp2015\/wp-json\/wp\/v2\/posts\/102561"}],"collection":[{"href":"https:\/\/www.federacao-triatlo.pt\/ftp2015\/wp-json\/wp\/v2\/posts"}],"about":[{"href":"https:\/\/www.federacao-triatlo.pt\/ftp2015\/wp-json\/wp\/v2\/types\/post"}],"author":[{"embeddable":true,"href":"https:\/\/www.federacao-triatlo.pt\/ftp2015\/wp-json\/wp\/v2\/users\/16153"}],"replies":[{"embeddable":true,"href":"https:\/\/www.federacao-triatlo.pt\/ftp2015\/wp-json\/wp\/v2\/comments?post=102561"}],"version-history":[{"count":3,"href":"https:\/\/www.federacao-triatlo.pt\/ftp2015\/wp-json\/wp\/v2\/posts\/102561\/revisions"}],"predecessor-version":[{"id":102575,"href":"https:\/\/www.federacao-triatlo.pt\/ftp2015\/wp-json\/wp\/v2\/posts\/102561\/revisions\/102575"}],"wp:featuredmedia":[{"embeddable":true,"href":"https:\/\/www.federacao-triatlo.pt\/ftp2015\/wp-json\/wp\/v2\/media\/102573"}],"wp:attachment":[{"href":"https:\/\/www.federacao-triatlo.pt\/ftp2015\/wp-json\/wp\/v2\/media?parent=102561"}],"wp:term":[{"taxonomy":"category","embeddable":true,"href":"https:\/\/www.federacao-triatlo.pt\/ftp2015\/wp-json\/wp\/v2\/categories?post=102561"},{"taxonomy":"post_tag","embeddable":true,"href":"https:\/\/www.federacao-triatlo.pt\/ftp2015\/wp-json\/wp\/v2\/tags?post=102561"}],"curies":[{"name":"wp","href":"https:\/\/api.w.org\/{rel}","templated":true}]}}