{"id":102528,"date":"2025-04-24T11:47:47","date_gmt":"2025-04-24T10:47:47","guid":{"rendered":"https:\/\/www.federacao-triatlo.pt\/ftp2015\/?p=102528"},"modified":"2025-04-24T11:47:47","modified_gmt":"2025-04-24T10:47:47","slug":"triatlo-recebe-bandeira-da-etica","status":"publish","type":"post","link":"https:\/\/www.federacao-triatlo.pt\/ftp2015\/triatlo-recebe-bandeira-da-etica\/","title":{"rendered":"Triatlo recebe Bandeira da \u00c9tica"},"content":{"rendered":"<p>A Federa\u00e7\u00e3o de Triatlo de Portugal foi distinguida pelo Instituto Portugu\u00eas do Desporto e Juventude, I.P. (IPDJ, I.P.), atrav\u00e9s do Plano Nacional de \u00c9tica no Desporto (PNED), com a Bandeira da \u00c9tica.<\/p>\n<blockquote><p>&#8220;A chegada da Bandeira da \u00c9tica ao triatlo significa, por um lado, o reconhecimento do trabalho da Federa\u00e7\u00e3o e da modalidade ao servi\u00e7o de um desporto mais feliz, justo e saud\u00e1vel. Por outro lado, esta \u00e9 uma certifica\u00e7\u00e3o que faz crescer a nossa responsabilidade no sentido de n\u00e3o vacilar, em nenhum momento, perante qualquer tipo de pr\u00e1tica que desvie o triatlo da sua hist\u00f3ria de \u00e9tica e desportivismo&#8221;, sublinha o presidente da Federa\u00e7\u00e3o de Triatlo de Portugal, Fernando Feij\u00e3o.<\/p><\/blockquote>\n<p>Desta forma, a FTP v\u00ea reconhecido e certificado o seu trabalho no \u00e2mbito da promo\u00e7\u00e3o dos valores \u00e9ticos atrav\u00e9s do desporto, juntando-se \u00e0s mais de 2000 institui\u00e7\u00f5es nacionais certificadas.<\/p>\n<p>A Bandeira da \u00c9tica tem como principais <b>objetivos<\/b>:<\/p>\n<ul class=\"small-space\">\n<li>Inovar, atrav\u00e9s da cria\u00e7\u00e3o de uma metodologia para certifica\u00e7\u00e3o dos valores \u00e9ticos no desporto;<\/li>\n<li>Garantir uma metodologia flex\u00edvel e \u00fatil para todo o tipo de agentes do sistema desportivo;<\/li>\n<li>Implementar um processo que identifique e promova boas pr\u00e1ticas no desporto;<\/li>\n<li>Promover a visibilidade de iniciativas multiplic\u00e1veis e reconhecer a a\u00e7\u00e3o dos agentes do sistema desportivo.<\/li>\n<\/ul>\n","protected":false},"excerpt":{"rendered":"<p>A Federa\u00e7\u00e3o de Triatlo de Portugal foi distinguida pelo Instituto [&hellip;]<\/p>\n","protected":false},"author":16153,"featured_media":102530,"comment_status":"closed","ping_status":"closed","sticky":false,"template":"","format":"standard","meta":{"footnotes":""},"categories":[2],"tags":[],"_links":{"self":[{"href":"https:\/\/www.federacao-triatlo.pt\/ftp2015\/wp-json\/wp\/v2\/posts\/102528"}],"collection":[{"href":"https:\/\/www.federacao-triatlo.pt\/ftp2015\/wp-json\/wp\/v2\/posts"}],"about":[{"href":"https:\/\/www.federacao-triatlo.pt\/ftp2015\/wp-json\/wp\/v2\/types\/post"}],"author":[{"embeddable":true,"href":"https:\/\/www.federacao-triatlo.pt\/ftp2015\/wp-json\/wp\/v2\/users\/16153"}],"replies":[{"embeddable":true,"href":"https:\/\/www.federacao-triatlo.pt\/ftp2015\/wp-json\/wp\/v2\/comments?post=102528"}],"version-history":[{"count":2,"href":"https:\/\/www.federacao-triatlo.pt\/ftp2015\/wp-json\/wp\/v2\/posts\/102528\/revisions"}],"predecessor-version":[{"id":102531,"href":"https:\/\/www.federacao-triatlo.pt\/ftp2015\/wp-json\/wp\/v2\/posts\/102528\/revisions\/102531"}],"wp:featuredmedia":[{"embeddable":true,"href":"https:\/\/www.federacao-triatlo.pt\/ftp2015\/wp-json\/wp\/v2\/media\/102530"}],"wp:attachment":[{"href":"https:\/\/www.federacao-triatlo.pt\/ftp2015\/wp-json\/wp\/v2\/media?parent=102528"}],"wp:term":[{"taxonomy":"category","embeddable":true,"href":"https:\/\/www.federacao-triatlo.pt\/ftp2015\/wp-json\/wp\/v2\/categories?post=102528"},{"taxonomy":"post_tag","embeddable":true,"href":"https:\/\/www.federacao-triatlo.pt\/ftp2015\/wp-json\/wp\/v2\/tags?post=102528"}],"curies":[{"name":"wp","href":"https:\/\/api.w.org\/{rel}","templated":true}]}}