{"id":102502,"date":"2025-04-24T12:20:34","date_gmt":"2025-04-24T11:20:34","guid":{"rendered":"https:\/\/www.federacao-triatlo.pt\/ftp2015\/?p=102502"},"modified":"2025-04-24T12:29:33","modified_gmt":"2025-04-24T11:29:33","slug":"europeu-de-duatlo-portugal-com-cinco-atletas-na-polonia","status":"publish","type":"post","link":"https:\/\/www.federacao-triatlo.pt\/ftp2015\/europeu-de-duatlo-portugal-com-cinco-atletas-na-polonia\/","title":{"rendered":"Europeu de Duatlo: Portugal com cinco atletas na Pol\u00f3nia"},"content":{"rendered":"<p>A sele\u00e7\u00e3o portuguesa estar\u00e1 representada por cinco atletas nos campeonatos da Europa de duatlo de Rumia, na Pol\u00f3nia, que se disputam no pr\u00f3ximo dia 26 de abril (s\u00e1bado).<\/p>\n<p>Na categoria de sub-23, Jo\u00e3o Vaz e Margarida Bar\u00e3o ser\u00e3o os representantes nacionais nas provas que v\u00e3o decorrer a partir das 16h10, hora portuguesa. Antes disso, estar\u00e3o em a\u00e7\u00e3o tr\u00eas atletas do escal\u00e3o de juniores: Jos\u00e9 Ferreira, Afonso Ferreira (13h40) e Joana Alves (12h00).<\/p>\n<p>A sele\u00e7\u00e3o portuguesa viaja para a Pol\u00f3nia coordenada pelo t\u00e9cnico Bruno Pais.<\/p>\n<p>Resultados aqui:<\/p>\n<p><a href=\"https:\/\/triathlon.org\/events\/2025-europe-triathlon-duathlon-championships-rumia\/results\">https:\/\/triathlon.org\/events\/2025-europe-triathlon-duathlon-championships-rumia\/results<\/a><\/p>\n","protected":false},"excerpt":{"rendered":"<p>A sele\u00e7\u00e3o portuguesa estar\u00e1 representada por cinco atletas nos campeonatos [&hellip;]<\/p>\n","protected":false},"author":16153,"featured_media":102547,"comment_status":"closed","ping_status":"closed","sticky":false,"template":"","format":"standard","meta":{"footnotes":""},"categories":[2],"tags":[],"_links":{"self":[{"href":"https:\/\/www.federacao-triatlo.pt\/ftp2015\/wp-json\/wp\/v2\/posts\/102502"}],"collection":[{"href":"https:\/\/www.federacao-triatlo.pt\/ftp2015\/wp-json\/wp\/v2\/posts"}],"about":[{"href":"https:\/\/www.federacao-triatlo.pt\/ftp2015\/wp-json\/wp\/v2\/types\/post"}],"author":[{"embeddable":true,"href":"https:\/\/www.federacao-triatlo.pt\/ftp2015\/wp-json\/wp\/v2\/users\/16153"}],"replies":[{"embeddable":true,"href":"https:\/\/www.federacao-triatlo.pt\/ftp2015\/wp-json\/wp\/v2\/comments?post=102502"}],"version-history":[{"count":2,"href":"https:\/\/www.federacao-triatlo.pt\/ftp2015\/wp-json\/wp\/v2\/posts\/102502\/revisions"}],"predecessor-version":[{"id":102544,"href":"https:\/\/www.federacao-triatlo.pt\/ftp2015\/wp-json\/wp\/v2\/posts\/102502\/revisions\/102544"}],"wp:featuredmedia":[{"embeddable":true,"href":"https:\/\/www.federacao-triatlo.pt\/ftp2015\/wp-json\/wp\/v2\/media\/102547"}],"wp:attachment":[{"href":"https:\/\/www.federacao-triatlo.pt\/ftp2015\/wp-json\/wp\/v2\/media?parent=102502"}],"wp:term":[{"taxonomy":"category","embeddable":true,"href":"https:\/\/www.federacao-triatlo.pt\/ftp2015\/wp-json\/wp\/v2\/categories?post=102502"},{"taxonomy":"post_tag","embeddable":true,"href":"https:\/\/www.federacao-triatlo.pt\/ftp2015\/wp-json\/wp\/v2\/tags?post=102502"}],"curies":[{"name":"wp","href":"https:\/\/api.w.org\/{rel}","templated":true}]}}