{"id":102427,"date":"2025-04-14T17:12:57","date_gmt":"2025-04-14T16:12:57","guid":{"rendered":"https:\/\/www.federacao-triatlo.pt\/ftp2015\/?p=102427"},"modified":"2025-04-15T17:25:18","modified_gmt":"2025-04-15T16:25:18","slug":"duatlo-cross-francois-vie-e-filipa-goncalves-campeoes-nacionais","status":"publish","type":"post","link":"https:\/\/www.federacao-triatlo.pt\/ftp2015\/duatlo-cross-francois-vie-e-filipa-goncalves-campeoes-nacionais\/","title":{"rendered":"Duatlo Cross: Fran\u00e7ois Vie e Filipa Gon\u00e7alves campe\u00f5es nacionais"},"content":{"rendered":"<p>Fran\u00e7ois Vie e Filipa Gon\u00e7alves s\u00e3o os novos campe\u00f5es nacionais de duatlo cross. A prova decorreu este domingo (13 de abril), em Malhada Sorda.<\/p>\n<p>No sector feminino, Filipa Gon\u00e7alves, atleta individual, superiorizou-se \u00e0 concorr\u00eancia, terminando os\u00a0 5600 m de corrida,\u00a0 21940 m de ciclismo e mais 2540 m de corrida em 01:44:32. Paula Pita do Bairro dos Anjos foi segunda classificada, enquanto Maria In\u00eas (Clube Desportivo em Movimento), ainda em idade j\u00fanior, fechou o p\u00f3dio.<\/p>\n<p>Entre os homens, a vit\u00f3ria sorriu a Fran\u00e7ois Vie. O atleta do SFRAA Triatlo terminou a prova em 01:19:19, com cerca de 3 minutos de avan\u00e7o face a Renato Teixeira, do GD Goma. O p\u00f3dio masculino ficou completo com o terceiro posto de Ant\u00f3nio Barata, do Outsystems Ol\u00edmpico de Oeiras.<\/p>\n<blockquote><p>&#8220;Estamos perante uma prova importante do calend\u00e1rio nacional, o CN Duatlo Cross. Uma prova bem disputada com boa participa\u00e7\u00e3o feminina e masculina, um percurso desafiante, paisagens id\u00edlicas e a natureza no seu estado mais puro. Foi muito agrad\u00e1vel. Malhada Sorda e Almeida t\u00eam hist\u00f3ria e respeitam muito a sua hist\u00f3ria. A aldeia est\u00e1 muito bem preservada, tem passado e tem futuro.<\/p>\n<p>As gentes e as for\u00e7as pol\u00edticas locais sabem receber, s\u00e3o hospitaleiros e tudo fazem por estes territ\u00f3rios. Por isso, em nome da Federa\u00e7\u00e3o de triatlo e dos triatletas, agrade\u00e7o ao sr. presidente da C.M Almeida, ao sr. presidente da junta de freguesia da Malhada Sorda e a toda a comunidade local, dizendo-lhes que podemos desde j\u00e1 pensar na pr\u00f3xima edi\u00e7\u00e3o&#8221;, sublinhou Fernando Feij\u00e3o, Presidente da FTP.<\/p><\/blockquote>\n<p>&nbsp;<\/p>\n","protected":false},"excerpt":{"rendered":"<p>Fran\u00e7ois Vie e Filipa Gon\u00e7alves s\u00e3o os novos campe\u00f5es nacionais [&hellip;]<\/p>\n","protected":false},"author":16153,"featured_media":102433,"comment_status":"closed","ping_status":"closed","sticky":false,"template":"","format":"standard","meta":{"footnotes":""},"categories":[2],"tags":[],"_links":{"self":[{"href":"https:\/\/www.federacao-triatlo.pt\/ftp2015\/wp-json\/wp\/v2\/posts\/102427"}],"collection":[{"href":"https:\/\/www.federacao-triatlo.pt\/ftp2015\/wp-json\/wp\/v2\/posts"}],"about":[{"href":"https:\/\/www.federacao-triatlo.pt\/ftp2015\/wp-json\/wp\/v2\/types\/post"}],"author":[{"embeddable":true,"href":"https:\/\/www.federacao-triatlo.pt\/ftp2015\/wp-json\/wp\/v2\/users\/16153"}],"replies":[{"embeddable":true,"href":"https:\/\/www.federacao-triatlo.pt\/ftp2015\/wp-json\/wp\/v2\/comments?post=102427"}],"version-history":[{"count":3,"href":"https:\/\/www.federacao-triatlo.pt\/ftp2015\/wp-json\/wp\/v2\/posts\/102427\/revisions"}],"predecessor-version":[{"id":102460,"href":"https:\/\/www.federacao-triatlo.pt\/ftp2015\/wp-json\/wp\/v2\/posts\/102427\/revisions\/102460"}],"wp:featuredmedia":[{"embeddable":true,"href":"https:\/\/www.federacao-triatlo.pt\/ftp2015\/wp-json\/wp\/v2\/media\/102433"}],"wp:attachment":[{"href":"https:\/\/www.federacao-triatlo.pt\/ftp2015\/wp-json\/wp\/v2\/media?parent=102427"}],"wp:term":[{"taxonomy":"category","embeddable":true,"href":"https:\/\/www.federacao-triatlo.pt\/ftp2015\/wp-json\/wp\/v2\/categories?post=102427"},{"taxonomy":"post_tag","embeddable":true,"href":"https:\/\/www.federacao-triatlo.pt\/ftp2015\/wp-json\/wp\/v2\/tags?post=102427"}],"curies":[{"name":"wp","href":"https:\/\/api.w.org\/{rel}","templated":true}]}}