{"id":102350,"date":"2025-04-04T12:44:16","date_gmt":"2025-04-04T11:44:16","guid":{"rendered":"https:\/\/www.federacao-triatlo.pt\/ftp2015\/?p=102350"},"modified":"2025-04-04T12:48:45","modified_gmt":"2025-04-04T11:48:45","slug":"inscricoes-para-curso-de-treinador-de-grau-i-em-coimbra","status":"publish","type":"post","link":"https:\/\/www.federacao-triatlo.pt\/ftp2015\/inscricoes-para-curso-de-treinador-de-grau-i-em-coimbra\/","title":{"rendered":"Inscri\u00e7\u00f5es para curso de treinador de grau I em Coimbra"},"content":{"rendered":"<p>Est\u00e3o abertas as inscri\u00e7\u00f5es para o Curso de Treinador de Grau I que vai decorrer, em Coimbra, a partir do dia 28 de abril de 2025, em parceria com a Acad\u00e9mica Triatlo e o ISCAC\/CBS.<\/p>\n<p>Toda a componente geral ser\u00e1 desenvolvida atrav\u00e9s da plataforma Gnosies, sendo que a componente espec\u00edfica presencial come\u00e7a no dia 30 de maio.<\/p>\n<p>Ser\u00e3o aceites 20 participantes e o curso ter\u00e1 um custo de 125 euros.<\/p>\n<p>Inscri\u00e7\u00f5es aqui:<\/p>\n<p><a href=\"https:\/\/docs.google.com\/forms\/d\/e\/1FAIpQLSeIbUV-wuiniV1GmkMGo4G9KDGSAnG1rQJUFuNePLS4PzO8CQ\/viewform\">https:\/\/docs.google.com\/forms\/d\/e\/1FAIpQLSeIbUV-wuiniV1GmkMGo4G9KDGSAnG1rQJUFuNePLS4PzO8CQ\/viewform<\/a><\/p>\n","protected":false},"excerpt":{"rendered":"<p>Est\u00e3o abertas as inscri\u00e7\u00f5es para o Curso de Treinador de [&hellip;]<\/p>\n","protected":false},"author":16153,"featured_media":100202,"comment_status":"closed","ping_status":"closed","sticky":false,"template":"","format":"standard","meta":{"footnotes":""},"categories":[2],"tags":[],"_links":{"self":[{"href":"https:\/\/www.federacao-triatlo.pt\/ftp2015\/wp-json\/wp\/v2\/posts\/102350"}],"collection":[{"href":"https:\/\/www.federacao-triatlo.pt\/ftp2015\/wp-json\/wp\/v2\/posts"}],"about":[{"href":"https:\/\/www.federacao-triatlo.pt\/ftp2015\/wp-json\/wp\/v2\/types\/post"}],"author":[{"embeddable":true,"href":"https:\/\/www.federacao-triatlo.pt\/ftp2015\/wp-json\/wp\/v2\/users\/16153"}],"replies":[{"embeddable":true,"href":"https:\/\/www.federacao-triatlo.pt\/ftp2015\/wp-json\/wp\/v2\/comments?post=102350"}],"version-history":[{"count":1,"href":"https:\/\/www.federacao-triatlo.pt\/ftp2015\/wp-json\/wp\/v2\/posts\/102350\/revisions"}],"predecessor-version":[{"id":102351,"href":"https:\/\/www.federacao-triatlo.pt\/ftp2015\/wp-json\/wp\/v2\/posts\/102350\/revisions\/102351"}],"wp:featuredmedia":[{"embeddable":true,"href":"https:\/\/www.federacao-triatlo.pt\/ftp2015\/wp-json\/wp\/v2\/media\/100202"}],"wp:attachment":[{"href":"https:\/\/www.federacao-triatlo.pt\/ftp2015\/wp-json\/wp\/v2\/media?parent=102350"}],"wp:term":[{"taxonomy":"category","embeddable":true,"href":"https:\/\/www.federacao-triatlo.pt\/ftp2015\/wp-json\/wp\/v2\/categories?post=102350"},{"taxonomy":"post_tag","embeddable":true,"href":"https:\/\/www.federacao-triatlo.pt\/ftp2015\/wp-json\/wp\/v2\/tags?post=102350"}],"curies":[{"name":"wp","href":"https:\/\/api.w.org\/{rel}","templated":true}]}}