{"id":102264,"date":"2025-03-29T20:09:37","date_gmt":"2025-03-29T20:09:37","guid":{"rendered":"https:\/\/www.federacao-triatlo.pt\/ftp2015\/?p=102264"},"modified":"2025-05-03T16:37:08","modified_gmt":"2025-05-03T15:37:08","slug":"taca-da-europa-melanie-de-prata-e-maria-de-bronze-em-quarteira","status":"publish","type":"post","link":"https:\/\/www.federacao-triatlo.pt\/ftp2015\/taca-da-europa-melanie-de-prata-e-maria-de-bronze-em-quarteira\/","title":{"rendered":"Ta\u00e7a da Europa: Melanie de prata e Maria de bronze em Quarteira"},"content":{"rendered":"<p>Prata e Bronze. Portugal\u00a0 conquistou dois p\u00f3dios na Ta\u00e7a da Europa de Quarteira, com as ol\u00edmpicas Melanie Santos e Maria Tom\u00e9 a conquistarem, respetivamente, a medalha de prata e bronze e separadas por 10 segundos. O triunfo coube \u00e0 brit\u00e2nica Tilly Anema.<\/p>\n<blockquote><p>\u201cFoi na perfei\u00e7\u00e3o, era o que tinha idealizado com o meu trabalho todo neste inverno. Fiz uma nata\u00e7\u00e3o forte e no ciclismo trabalh\u00e1mos bem em grupo. Depois, controlei na corrida para n\u00e3o dar o \u2018estoiro\u2019, devido ao calor, e estou muito feliz por este resultado final\u201d, comentou Melanie Santos em declara\u00e7\u00f5es \u00e0 ag\u00eancia Lusa.<\/p><\/blockquote>\n<p>J\u00e1 Maria Tom\u00e9, fez uma prova de tr\u00e1s para a frente, recuperando no segmento de atletismo, depois de ter estado integrada no grupo perseguidor na nata\u00e7\u00e3o e no ciclismo.<\/p>\n<blockquote><p>\u201cPerdemos tempo na nata\u00e7\u00e3o e, enquanto eu estava num grupo numeroso, elas tinham o n\u00famero ideal para ganhar vantagem na bicicleta. Mas fiz a melhor corrida que pude e o apoio dos portugueses, a gritar o meu nome, deu-me aquele alento especial para chegar ao terceiro lugar\u201d, explicou a triatleta lusa.<\/p><\/blockquote>\n<p>J\u00e1 Madalena Almeida foi 13.\u00aa, In\u00eas Rico 28.\u00aa, Matilde Santos 31.\u00aa, Raquel Rocha 35.\u00aa e Mariana Vargem 39.\u00aa.<\/p>\n<p>Na prova masculina, Miguel Tiago Silva foi o primeiro triatleta portugu\u00eas a cortar a meta, no 10\u00ba lugar, terminando com o tempo de 1:45:55.<\/p>\n<p>&#8220;Esta prova \u00e9 muito especial para n\u00f3s, portugueses, e quer\u00edamos tentar lutar pelos primeiros lugares. Tentei for\u00e7ar no ciclismo e fiz uma boa corrida. Acho que estive a bom n\u00edvel para esta fase da \u00e9poca&#8221;, referiu o atleta em declara\u00e7\u00f5es \u00e0 Ag\u00eancia Lusa.<\/p>\n<p>Classifica\u00e7\u00e3o dos restantes atletas portugueses:<\/p>\n<p>12\u00ba Ricardo Batista, 22.\u00ba Jo\u00e3o Mansos, 35.\u00ba Tiago Fonseca, 43.\u00ba Jo\u00e3o Dias, 44.\u00ba Jo\u00e3o Canadas, 51.\u00ba Hugo Figueiredo, 56.\u00ba Gabriel Santos.<\/p>\n<p>&nbsp;<\/p>\n","protected":false},"excerpt":{"rendered":"<p>Prata e Bronze. Portugal\u00a0 conquistou dois p\u00f3dios na Ta\u00e7a da [&hellip;]<\/p>\n","protected":false},"author":16153,"featured_media":102268,"comment_status":"closed","ping_status":"closed","sticky":false,"template":"","format":"standard","meta":{"footnotes":""},"categories":[2],"tags":[],"_links":{"self":[{"href":"https:\/\/www.federacao-triatlo.pt\/ftp2015\/wp-json\/wp\/v2\/posts\/102264"}],"collection":[{"href":"https:\/\/www.federacao-triatlo.pt\/ftp2015\/wp-json\/wp\/v2\/posts"}],"about":[{"href":"https:\/\/www.federacao-triatlo.pt\/ftp2015\/wp-json\/wp\/v2\/types\/post"}],"author":[{"embeddable":true,"href":"https:\/\/www.federacao-triatlo.pt\/ftp2015\/wp-json\/wp\/v2\/users\/16153"}],"replies":[{"embeddable":true,"href":"https:\/\/www.federacao-triatlo.pt\/ftp2015\/wp-json\/wp\/v2\/comments?post=102264"}],"version-history":[{"count":4,"href":"https:\/\/www.federacao-triatlo.pt\/ftp2015\/wp-json\/wp\/v2\/posts\/102264\/revisions"}],"predecessor-version":[{"id":102271,"href":"https:\/\/www.federacao-triatlo.pt\/ftp2015\/wp-json\/wp\/v2\/posts\/102264\/revisions\/102271"}],"wp:featuredmedia":[{"embeddable":true,"href":"https:\/\/www.federacao-triatlo.pt\/ftp2015\/wp-json\/wp\/v2\/media\/102268"}],"wp:attachment":[{"href":"https:\/\/www.federacao-triatlo.pt\/ftp2015\/wp-json\/wp\/v2\/media?parent=102264"}],"wp:term":[{"taxonomy":"category","embeddable":true,"href":"https:\/\/www.federacao-triatlo.pt\/ftp2015\/wp-json\/wp\/v2\/categories?post=102264"},{"taxonomy":"post_tag","embeddable":true,"href":"https:\/\/www.federacao-triatlo.pt\/ftp2015\/wp-json\/wp\/v2\/tags?post=102264"}],"curies":[{"name":"wp","href":"https:\/\/api.w.org\/{rel}","templated":true}]}}